{"id":43138,"date":"2018-11-06T21:03:23","date_gmt":"2018-11-07T00:03:23","guid":{"rendered":"https:\/\/eldiariodesanpedro.com.ar\/sitio\/?p=43138"},"modified":"2018-11-07T08:55:02","modified_gmt":"2018-11-07T11:55:02","slug":"en-el-dia-del-canillita-ana-cumple-16-anos-en-esta-profesion-2","status":"publish","type":"post","link":"https:\/\/eldiariodesanpedro.com.ar\/sitio\/en-el-dia-del-canillita-ana-cumple-16-anos-en-esta-profesion-2\/","title":{"rendered":"En el D\u00eda del Canillita, Ana cumple 16 a\u00f1os en esta profesi\u00f3n"},"content":{"rendered":"<p><!-- VideographyWP Plugin Message: Automatic video embedding prevented by plugin options. --><br \/>\nEn nuestro pa\u00eds se conmemora en esta fecha para recordar al dramaturgo Florencio S\u00e1nchez, que cre\u00f3 la denominaci\u00f3n \u201ccanillita\u201d y que muri\u00f3 el 7 de noviembre de 1974. Su obra tiene como protagonista a un chico que vend\u00eda diarios para ayudar a sus padres. La fecha comenz\u00f3 a festejarse el 7 de noviembre de 1947.  <\/p>\n<p>  \u00abLos canillitas merodean entre los veh\u00edculos detenidos por el sem\u00e1foro voceando los diarios de la tarde\u00bb. S\u00ed, canillita es el t\u00e9rmino que se usa para referirse a la persona que vende diarios. Pero \u00bfDe d\u00f3nde surge?<br \/>\n  La historia comenz\u00f3 en el siglo XIX, m\u00e1s precisamente en enero de 1868, cuando el abogado Manuel Bilbao y Jos\u00e9 Alejandro Bernheim fundaron en la ciudad de Buenos Aires el diario La Rep\u00fablica. Se les ocurri\u00f3 que la venta de ejemplares, que hasta ese momento se consegu\u00eda por suscripci\u00f3n o se compraba en la imprenta, pod\u00eda ser a trav\u00e9s de alg\u00fan chico que se parara en esquinas estrat\u00e9gicas de la ciudad y los vendiera a quien lo solicitara, como era costumbre en Nueva York y otras ciudades del mundo. El costo de pagarle al diariero era menor al del correo y la gente pod\u00eda tener el ejemplar en el momento, sin esperarlo en su casa o sin la necesidad de ir a la imprenta.<br \/>\n  A partir de aquel enero, la gente comenz\u00f3 a escuchar pregoneros en las esquinas al grito de \u00ab\u00a1La Rep\u00fablica, a un peso!\u00bb. Con el tiempo, esos gritos se convirtieron en sonido primordial de la sinfon\u00eda de la ciudad. La novedosa t\u00e1ctica se hizo famosa y pronto comenz\u00f3 a usarse en todas las ciudades del mundo.<\/p>\n<p>  \u00a1En la actualidad tenemos a nuestra canillita! Ya hace 16 a\u00f1os que Ana Gonz\u00e1lez trabaja en este medio que, por primera vez sali\u00f3 a la venta el 7 de noviembre del 2002. Con su constancia ha logrado caminar las calles con viento, sol y lluvia todos los d\u00edas para la familia de \u201cEl Diario de San Pedro\u201d. Llama la atenci\u00f3n si Ana falta, claramente es porque algo pas\u00f3, porque as\u00ed es ella, una trabajadora responsable, amorosa y dedicada.<br \/>\n  Temprano, a primera hora llega a la oficina, siempre con una sonrisa y, sale a la calle a vender. Son muchos los puestos de venta de diarios que se pueden ver en la ciudad, pero ella tiene sus clientes en las puertas de los bancos, en la puerta del Centro de Comercio o recorriendo con su bicicleta la ma\u00f1ana.<br \/>\n  Para homenajearla en su d\u00eda, le realizamos una entrevista, lleg\u00f3 radiante para que todos conozcan su historia y as\u00ed comenz\u00f3:<\/p>\n<p>  \u00abBueno, fui haciendo clientes despacito, caminando todos los d\u00edas. Pero empec\u00e9 en otra direcci\u00f3n, cuando El Diario estaba en calle Pellegrini, me dieron muchos diarios, los vend\u00ed, volv\u00ed a buscar m\u00e1s y los vend\u00ed tambi\u00e9n. Para m\u00ed fue una gran ayuda, me fui al mediod\u00eda a darle de comer a mis hijos y a llevarlos a la escuela\u00bb<br \/>\n  A que se dedicaba Ana antes: \u00abAndaba pidiendo en la calle, no me da verg\u00fcenza decirlo, peor es andar robando, no tengo verg\u00fcenza; para m\u00ed esto fue una salida laboral, yo ya ten\u00eda mis 7 hijos, la m\u00e1s grande me ayudaba, mi marido trabajaba en el campo\u00bb.<\/p>\n<p>  \u00abYo estaba acostumbrada a andar en la calle. Yo le dec\u00eda a la gente, en vez de andar pidiendo \u201cNo me comprar\u00eda un diario\u201d, y as\u00ed fue como con mucha constancia fui creciendo, con viento, lluvia, calor, lo que sea, aqu\u00ed estoy\u2026 sigo vendiendo   El Diario, yo lo voy ofreciendo y no hay problema con quien me dice que no\u00bb.<br \/>\n  A nuestra pregunta de c\u00f3mo est\u00e1 trabajando en la actualidad, nos contest\u00f3: \u00abLas ventas fueron bajando, la gente mira todo en el tel\u00e9fono y ahora que est\u00e1 tan bravo, a la gente le duele decirme que no; pero los que compraban todos los d\u00edas, algunos me comprar tres veces por semana. Estoy muy agradecida con la gente, siempre fueron muy respetuosos y me quieren mucho\u00bb.<\/p>\n<p>  \u00abAntes El Diario ven\u00eda de Escobar, se imprim\u00eda en esa ciudad y si llegaba tarde la gente se enojaba, pero ahora no. Sale calentito me dice la gente, depende el d\u00eda tambi\u00e9n\u00bb.<\/p>\n<p>  Entre risas, an\u00e9cdotas y recuerdos culmin\u00e1bamos esta hermosa nota con nuestra fiel canillita.<br \/>\n  En el 2009, a trav\u00e9s de un decreto nacional, los canillitas fueron reconocidos como trabajadores y se les otorg\u00f3 la exclusividad de su actividad a las paradas habilitadas.<\/p>\n","protected":false},"excerpt":{"rendered":"<p>En nuestro pa\u00eds se conmemora en esta fecha para recordar al dramaturgo Florencio S\u00e1nchez, que cre\u00f3 la denominaci\u00f3n \u201ccanillita\u201d y que muri\u00f3 el 7 de noviembre de 1974. Su obra tiene como protagonista a un chico que vend\u00eda diarios para ayudar a sus padres. La fecha comenz\u00f3 a festejarse el 7 de noviembre de 1947. [&hellip;]<\/p>\n","protected":false},"author":4,"featured_media":43139,"comment_status":"open","ping_status":"closed","sticky":false,"template":"","format":"standard","meta":{"om_disable_all_campaigns":false,"_jetpack_memberships_contains_paid_content":false,"footnotes":""},"categories":[50,101,2],"tags":[],"class_list":["post-43138","post","type-post","status-publish","format-standard","has-post-thumbnail","hentry","category-destacadas","category-interes-general-locales","category-locales"],"aioseo_notices":[],"gutentor_comment":0,"jetpack_featured_media_url":"https:\/\/eldiariodesanpedro.com.ar\/sitio\/wp-content\/uploads\/2018\/11\/Ana-Gonzalez.jpg","jetpack_shortlink":"https:\/\/wp.me\/p6RhLt-bdM","jetpack_sharing_enabled":true,"_links":{"self":[{"href":"https:\/\/eldiariodesanpedro.com.ar\/sitio\/wp-json\/wp\/v2\/posts\/43138","targetHints":{"allow":["GET"]}}],"collection":[{"href":"https:\/\/eldiariodesanpedro.com.ar\/sitio\/wp-json\/wp\/v2\/posts"}],"about":[{"href":"https:\/\/eldiariodesanpedro.com.ar\/sitio\/wp-json\/wp\/v2\/types\/post"}],"author":[{"embeddable":true,"href":"https:\/\/eldiariodesanpedro.com.ar\/sitio\/wp-json\/wp\/v2\/users\/4"}],"replies":[{"embeddable":true,"href":"https:\/\/eldiariodesanpedro.com.ar\/sitio\/wp-json\/wp\/v2\/comments?post=43138"}],"version-history":[{"count":1,"href":"https:\/\/eldiariodesanpedro.com.ar\/sitio\/wp-json\/wp\/v2\/posts\/43138\/revisions"}],"predecessor-version":[{"id":43140,"href":"https:\/\/eldiariodesanpedro.com.ar\/sitio\/wp-json\/wp\/v2\/posts\/43138\/revisions\/43140"}],"wp:featuredmedia":[{"embeddable":true,"href":"https:\/\/eldiariodesanpedro.com.ar\/sitio\/wp-json\/wp\/v2\/media\/43139"}],"wp:attachment":[{"href":"https:\/\/eldiariodesanpedro.com.ar\/sitio\/wp-json\/wp\/v2\/media?parent=43138"}],"wp:term":[{"taxonomy":"category","embeddable":true,"href":"https:\/\/eldiariodesanpedro.com.ar\/sitio\/wp-json\/wp\/v2\/categories?post=43138"},{"taxonomy":"post_tag","embeddable":true,"href":"https:\/\/eldiariodesanpedro.com.ar\/sitio\/wp-json\/wp\/v2\/tags?post=43138"}],"curies":[{"name":"wp","href":"https:\/\/api.w.org\/{rel}","templated":true}]}}