{"id":43134,"date":"2018-11-06T20:57:42","date_gmt":"2018-11-06T23:57:42","guid":{"rendered":"https:\/\/eldiariodesanpedro.com.ar\/sitio\/?p=43134"},"modified":"2026-01-24T00:09:08","modified_gmt":"2026-01-24T03:09:08","slug":"torneo-sub-13-independencia-recibe-a-regatas-en-la-revancha","status":"publish","type":"post","link":"https:\/\/eldiariodesanpedro.com.ar\/sitio\/torneo-sub-13-independencia-recibe-a-regatas-en-la-revancha\/","title":{"rendered":"TORNEO SUB 13: Independencia recibe a Regatas en la revancha"},"content":{"rendered":"<p><!-- VideographyWP Plugin Message: Automatic video embedding prevented by plugin options. --><br \/>\nEsta tarde a partir de las 16.30 hs. en cancha de Independencia, el local recibe a Regatas de San Nicol\u00e1s en el cotejo revancha del torneo de clubes 2018 que organiza Federaci\u00f3n norte.<br \/>\n  En el partido de ida se impuso el elenco de San Nicol\u00e1s por 2 a 1. En caso de empate en el global se ejecutar\u00e1n tiros desde el punto penal. <\/p>\n","protected":false},"excerpt":{"rendered":"<p>Esta tarde a partir de las 16.30 hs. en cancha de Independencia, el local recibe a Regatas de San Nicol\u00e1s en el cotejo revancha del torneo de clubes 2018 que organiza Federaci\u00f3n norte. En el partido de ida se impuso el elenco de San Nicol\u00e1s por 2 a 1. En caso de empate en el [&hellip;]<\/p>\n","protected":false},"author":4,"featured_media":20147,"comment_status":"open","ping_status":"closed","sticky":false,"template":"","format":"standard","meta":{"om_disable_all_campaigns":false,"_jetpack_memberships_contains_paid_content":false,"footnotes":""},"categories":[5],"tags":[],"class_list":["post-43134","post","type-post","status-publish","format-standard","has-post-thumbnail","hentry","category-deportes"],"aioseo_notices":[],"gutentor_comment":0,"jetpack_featured_media_url":"https:\/\/eldiariodesanpedro.com.ar\/sitio\/wp-content\/uploads\/2017\/06\/futbol-gol.jpg","jetpack_shortlink":"https:\/\/wp.me\/p6RhLt-bdI","jetpack_sharing_enabled":true,"_links":{"self":[{"href":"https:\/\/eldiariodesanpedro.com.ar\/sitio\/wp-json\/wp\/v2\/posts\/43134","targetHints":{"allow":["GET"]}}],"collection":[{"href":"https:\/\/eldiariodesanpedro.com.ar\/sitio\/wp-json\/wp\/v2\/posts"}],"about":[{"href":"https:\/\/eldiariodesanpedro.com.ar\/sitio\/wp-json\/wp\/v2\/types\/post"}],"author":[{"embeddable":true,"href":"https:\/\/eldiariodesanpedro.com.ar\/sitio\/wp-json\/wp\/v2\/users\/4"}],"replies":[{"embeddable":true,"href":"https:\/\/eldiariodesanpedro.com.ar\/sitio\/wp-json\/wp\/v2\/comments?post=43134"}],"version-history":[{"count":1,"href":"https:\/\/eldiariodesanpedro.com.ar\/sitio\/wp-json\/wp\/v2\/posts\/43134\/revisions"}],"predecessor-version":[{"id":43136,"href":"https:\/\/eldiariodesanpedro.com.ar\/sitio\/wp-json\/wp\/v2\/posts\/43134\/revisions\/43136"}],"wp:featuredmedia":[{"embeddable":true,"href":"https:\/\/eldiariodesanpedro.com.ar\/sitio\/wp-json\/wp\/v2\/media\/20147"}],"wp:attachment":[{"href":"https:\/\/eldiariodesanpedro.com.ar\/sitio\/wp-json\/wp\/v2\/media?parent=43134"}],"wp:term":[{"taxonomy":"category","embeddable":true,"href":"https:\/\/eldiariodesanpedro.com.ar\/sitio\/wp-json\/wp\/v2\/categories?post=43134"},{"taxonomy":"post_tag","embeddable":true,"href":"https:\/\/eldiariodesanpedro.com.ar\/sitio\/wp-json\/wp\/v2\/tags?post=43134"}],"curies":[{"name":"wp","href":"https:\/\/api.w.org\/{rel}","templated":true}]}}