{"id":43124,"date":"2018-11-06T20:45:57","date_gmt":"2018-11-06T23:45:57","guid":{"rendered":"https:\/\/eldiariodesanpedro.com.ar\/sitio\/?p=43124"},"modified":"2018-11-06T20:45:57","modified_gmt":"2018-11-06T23:45:57","slug":"accidente-de-transito-sobre-av-3-de-febrero","status":"publish","type":"post","link":"https:\/\/eldiariodesanpedro.com.ar\/sitio\/accidente-de-transito-sobre-av-3-de-febrero\/","title":{"rendered":"Accidente de tr\u00e1nsito sobre Av. 3 de Febrero"},"content":{"rendered":"<p><!-- VideographyWP Plugin Message: Automatic video embedding prevented by plugin options. --><br \/>\n  Este lunes alrededor de las 17:30 hs se produjo un accidente de tr\u00e1nsito sobre Av. 3 de Febrero, en su intersecci\u00f3n con calle Salta.<br \/>\n  Por razones que son investigadas, una motocicleta JINCHENG 70 cc en la que se trasladaba una mujer de 47 a\u00f1os, colision\u00f3 contra un autom\u00f3vil Toyota Corolla que era conducido por otra mujer.<br \/>\n  Como consecuencia del impacto, la motociclista debi\u00f3 ser trasladada por la ambulancia local hasta el nosocomio, resultando con lesiones de car\u00e1cter leve, escoriaciones en el miembro inferior derecho y codo derecho. Fue dada de alta a la brevedad.<br \/>\n  La conductora del autom\u00f3vil result\u00f3 ilesa.<br \/>\n  Interviene la UFI N\u00b0 11 de San Pedro.<\/p>\n","protected":false},"excerpt":{"rendered":"<p>Este lunes alrededor de las 17:30 hs se produjo un accidente de tr\u00e1nsito sobre Av. 3 de Febrero, en su intersecci\u00f3n con calle Salta. Por razones que son investigadas, una motocicleta JINCHENG 70 cc en la que se trasladaba una mujer de 47 a\u00f1os, colision\u00f3 contra un autom\u00f3vil Toyota Corolla que era conducido por otra [&hellip;]<\/p>\n","protected":false},"author":4,"featured_media":9457,"comment_status":"open","ping_status":"closed","sticky":false,"template":"","format":"standard","meta":{"om_disable_all_campaigns":false,"_jetpack_memberships_contains_paid_content":false,"footnotes":""},"categories":[2,103],"tags":[],"class_list":["post-43124","post","type-post","status-publish","format-standard","has-post-thumbnail","hentry","category-locales","category-policiales-locales"],"aioseo_notices":[],"gutentor_comment":0,"jetpack_featured_media_url":"https:\/\/eldiariodesanpedro.com.ar\/sitio\/wp-content\/uploads\/2016\/10\/HOSPITAL-subzonal-san-pedro.jpg","jetpack_shortlink":"https:\/\/wp.me\/p6RhLt-bdy","jetpack_sharing_enabled":true,"_links":{"self":[{"href":"https:\/\/eldiariodesanpedro.com.ar\/sitio\/wp-json\/wp\/v2\/posts\/43124","targetHints":{"allow":["GET"]}}],"collection":[{"href":"https:\/\/eldiariodesanpedro.com.ar\/sitio\/wp-json\/wp\/v2\/posts"}],"about":[{"href":"https:\/\/eldiariodesanpedro.com.ar\/sitio\/wp-json\/wp\/v2\/types\/post"}],"author":[{"embeddable":true,"href":"https:\/\/eldiariodesanpedro.com.ar\/sitio\/wp-json\/wp\/v2\/users\/4"}],"replies":[{"embeddable":true,"href":"https:\/\/eldiariodesanpedro.com.ar\/sitio\/wp-json\/wp\/v2\/comments?post=43124"}],"version-history":[{"count":1,"href":"https:\/\/eldiariodesanpedro.com.ar\/sitio\/wp-json\/wp\/v2\/posts\/43124\/revisions"}],"predecessor-version":[{"id":43125,"href":"https:\/\/eldiariodesanpedro.com.ar\/sitio\/wp-json\/wp\/v2\/posts\/43124\/revisions\/43125"}],"wp:featuredmedia":[{"embeddable":true,"href":"https:\/\/eldiariodesanpedro.com.ar\/sitio\/wp-json\/wp\/v2\/media\/9457"}],"wp:attachment":[{"href":"https:\/\/eldiariodesanpedro.com.ar\/sitio\/wp-json\/wp\/v2\/media?parent=43124"}],"wp:term":[{"taxonomy":"category","embeddable":true,"href":"https:\/\/eldiariodesanpedro.com.ar\/sitio\/wp-json\/wp\/v2\/categories?post=43124"},{"taxonomy":"post_tag","embeddable":true,"href":"https:\/\/eldiariodesanpedro.com.ar\/sitio\/wp-json\/wp\/v2\/tags?post=43124"}],"curies":[{"name":"wp","href":"https:\/\/api.w.org\/{rel}","templated":true}]}}