{"id":43118,"date":"2018-11-06T20:37:39","date_gmt":"2018-11-06T23:37:39","guid":{"rendered":"https:\/\/eldiariodesanpedro.com.ar\/sitio\/?p=43118"},"modified":"2018-11-06T20:37:39","modified_gmt":"2018-11-06T23:37:39","slug":"se-recupero-una-motocicleta-con-pedido-de-secuestro-4","status":"publish","type":"post","link":"https:\/\/eldiariodesanpedro.com.ar\/sitio\/se-recupero-una-motocicleta-con-pedido-de-secuestro-4\/","title":{"rendered":"Se recuper\u00f3 una motocicleta con pedido de secuestro"},"content":{"rendered":"<p><!-- VideographyWP Plugin Message: Automatic video embedding prevented by plugin options. --><br \/>\n  Este lunes alrededor de las 11:00 hs, en calle Hermano Indio, entre Lavalle y Javier Rivero, la Polic\u00eda aprehendi\u00f3 a un joven de 21 a\u00f1os que se movilizaba en una motocicleta GUERRERO TRIP 110 cc, junto a una jovencita de 16 a\u00f1os.<br \/>\n  El rodado ten\u00eda el n\u00famero de motor y cuadro adulterado.<br \/>\n  El conductor permaneci\u00f3 aprehendido alojado en sede policial, recuperando luego la libertad. La joven menor fue entregada a sus responsables.<br \/>\n  Intervino la Fiscal\u00eda en turno de San Pedro.<\/p>\n","protected":false},"excerpt":{"rendered":"<p>Este lunes alrededor de las 11:00 hs, en calle Hermano Indio, entre Lavalle y Javier Rivero, la Polic\u00eda aprehendi\u00f3 a un joven de 21 a\u00f1os que se movilizaba en una motocicleta GUERRERO TRIP 110 cc, junto a una jovencita de 16 a\u00f1os. El rodado ten\u00eda el n\u00famero de motor y cuadro adulterado. El conductor permaneci\u00f3 [&hellip;]<\/p>\n","protected":false},"author":4,"featured_media":26677,"comment_status":"open","ping_status":"closed","sticky":false,"template":"","format":"standard","meta":{"om_disable_all_campaigns":false,"_jetpack_memberships_contains_paid_content":false,"footnotes":""},"categories":[2,103],"tags":[],"class_list":["post-43118","post","type-post","status-publish","format-standard","has-post-thumbnail","hentry","category-locales","category-policiales-locales"],"aioseo_notices":[],"gutentor_comment":0,"jetpack_featured_media_url":"https:\/\/eldiariodesanpedro.com.ar\/sitio\/wp-content\/uploads\/2017\/12\/patrullas-policia-noche.jpg","jetpack_shortlink":"https:\/\/wp.me\/p6RhLt-bds","jetpack_sharing_enabled":true,"_links":{"self":[{"href":"https:\/\/eldiariodesanpedro.com.ar\/sitio\/wp-json\/wp\/v2\/posts\/43118","targetHints":{"allow":["GET"]}}],"collection":[{"href":"https:\/\/eldiariodesanpedro.com.ar\/sitio\/wp-json\/wp\/v2\/posts"}],"about":[{"href":"https:\/\/eldiariodesanpedro.com.ar\/sitio\/wp-json\/wp\/v2\/types\/post"}],"author":[{"embeddable":true,"href":"https:\/\/eldiariodesanpedro.com.ar\/sitio\/wp-json\/wp\/v2\/users\/4"}],"replies":[{"embeddable":true,"href":"https:\/\/eldiariodesanpedro.com.ar\/sitio\/wp-json\/wp\/v2\/comments?post=43118"}],"version-history":[{"count":1,"href":"https:\/\/eldiariodesanpedro.com.ar\/sitio\/wp-json\/wp\/v2\/posts\/43118\/revisions"}],"predecessor-version":[{"id":43120,"href":"https:\/\/eldiariodesanpedro.com.ar\/sitio\/wp-json\/wp\/v2\/posts\/43118\/revisions\/43120"}],"wp:featuredmedia":[{"embeddable":true,"href":"https:\/\/eldiariodesanpedro.com.ar\/sitio\/wp-json\/wp\/v2\/media\/26677"}],"wp:attachment":[{"href":"https:\/\/eldiariodesanpedro.com.ar\/sitio\/wp-json\/wp\/v2\/media?parent=43118"}],"wp:term":[{"taxonomy":"category","embeddable":true,"href":"https:\/\/eldiariodesanpedro.com.ar\/sitio\/wp-json\/wp\/v2\/categories?post=43118"},{"taxonomy":"post_tag","embeddable":true,"href":"https:\/\/eldiariodesanpedro.com.ar\/sitio\/wp-json\/wp\/v2\/tags?post=43118"}],"curies":[{"name":"wp","href":"https:\/\/api.w.org\/{rel}","templated":true}]}}