{"id":43114,"date":"2018-11-06T20:36:40","date_gmt":"2018-11-06T23:36:40","guid":{"rendered":"https:\/\/eldiariodesanpedro.com.ar\/sitio\/?p=43114"},"modified":"2018-11-06T20:36:40","modified_gmt":"2018-11-06T23:36:40","slug":"dos-menores-aprehendidos-in-fraganti-delito","status":"publish","type":"post","link":"https:\/\/eldiariodesanpedro.com.ar\/sitio\/dos-menores-aprehendidos-in-fraganti-delito\/","title":{"rendered":"Dos menores aprehendidos in fraganti delito"},"content":{"rendered":"<p><!-- VideographyWP Plugin Message: Automatic video embedding prevented by plugin options. --><br \/>\n  El martes pasada la medianoche personal policial de la Comisar\u00eda local se hizo presente en un domicilio de calle La Laguna al 600, donde aprehendieron a dos j\u00f3venes de 16 y 15 a\u00f1os cuando sal\u00edan de la vivienda con los elementos sustra\u00eddos.<\/p>\n<p>  Ellos hab\u00edan entrado a la vivienda a robar mientras su propietario dormitaba en el interior de la misma.<br \/>\n  Los aprehendidos fueron puestos a disposici\u00f3n de la Fiscal\u00eda Juvenil de San Nicol\u00e1s. D\u00edas atr\u00e1s ya hab\u00edan protagonizado otros il\u00edcitos.  <\/p>\n","protected":false},"excerpt":{"rendered":"<p>El martes pasada la medianoche personal policial de la Comisar\u00eda local se hizo presente en un domicilio de calle La Laguna al 600, donde aprehendieron a dos j\u00f3venes de 16 y 15 a\u00f1os cuando sal\u00edan de la vivienda con los elementos sustra\u00eddos. Ellos hab\u00edan entrado a la vivienda a robar mientras su propietario dormitaba en [&hellip;]<\/p>\n","protected":false},"author":4,"featured_media":33688,"comment_status":"open","ping_status":"closed","sticky":false,"template":"","format":"standard","meta":{"om_disable_all_campaigns":false,"_jetpack_memberships_contains_paid_content":false,"footnotes":""},"categories":[2,103],"tags":[],"class_list":["post-43114","post","type-post","status-publish","format-standard","has-post-thumbnail","hentry","category-locales","category-policiales-locales"],"aioseo_notices":[],"gutentor_comment":0,"jetpack_featured_media_url":"https:\/\/eldiariodesanpedro.com.ar\/sitio\/wp-content\/uploads\/2018\/05\/detenidos-4.jpg","jetpack_shortlink":"https:\/\/wp.me\/p6RhLt-bdo","jetpack_sharing_enabled":true,"_links":{"self":[{"href":"https:\/\/eldiariodesanpedro.com.ar\/sitio\/wp-json\/wp\/v2\/posts\/43114","targetHints":{"allow":["GET"]}}],"collection":[{"href":"https:\/\/eldiariodesanpedro.com.ar\/sitio\/wp-json\/wp\/v2\/posts"}],"about":[{"href":"https:\/\/eldiariodesanpedro.com.ar\/sitio\/wp-json\/wp\/v2\/types\/post"}],"author":[{"embeddable":true,"href":"https:\/\/eldiariodesanpedro.com.ar\/sitio\/wp-json\/wp\/v2\/users\/4"}],"replies":[{"embeddable":true,"href":"https:\/\/eldiariodesanpedro.com.ar\/sitio\/wp-json\/wp\/v2\/comments?post=43114"}],"version-history":[{"count":2,"href":"https:\/\/eldiariodesanpedro.com.ar\/sitio\/wp-json\/wp\/v2\/posts\/43114\/revisions"}],"predecessor-version":[{"id":43122,"href":"https:\/\/eldiariodesanpedro.com.ar\/sitio\/wp-json\/wp\/v2\/posts\/43114\/revisions\/43122"}],"wp:featuredmedia":[{"embeddable":true,"href":"https:\/\/eldiariodesanpedro.com.ar\/sitio\/wp-json\/wp\/v2\/media\/33688"}],"wp:attachment":[{"href":"https:\/\/eldiariodesanpedro.com.ar\/sitio\/wp-json\/wp\/v2\/media?parent=43114"}],"wp:term":[{"taxonomy":"category","embeddable":true,"href":"https:\/\/eldiariodesanpedro.com.ar\/sitio\/wp-json\/wp\/v2\/categories?post=43114"},{"taxonomy":"post_tag","embeddable":true,"href":"https:\/\/eldiariodesanpedro.com.ar\/sitio\/wp-json\/wp\/v2\/tags?post=43114"}],"curies":[{"name":"wp","href":"https:\/\/api.w.org\/{rel}","templated":true}]}}