{"id":43113,"date":"2018-11-06T20:34:25","date_gmt":"2018-11-06T23:34:25","guid":{"rendered":"https:\/\/eldiariodesanpedro.com.ar\/sitio\/?p=43113"},"modified":"2018-11-06T20:34:25","modified_gmt":"2018-11-06T23:34:25","slug":"caso-lillo-antes-de-elevarla-a-juicio-el-fiscal-manso-desdobla-la-causa","status":"publish","type":"post","link":"https:\/\/eldiariodesanpedro.com.ar\/sitio\/caso-lillo-antes-de-elevarla-a-juicio-el-fiscal-manso-desdobla-la-causa\/","title":{"rendered":"Caso Lillo: Antes de elevarla a juicio, el Fiscal Manso desdobla la causa"},"content":{"rendered":"<p><!-- VideographyWP Plugin Message: Automatic video embedding prevented by plugin options. --><br \/>\nMientras se busca establecer qui\u00e9nes actuaron como c\u00f3mplices de Branto, por ahora \u00fanico imputado en el asesinato del polic\u00eda, una parte de la causa ser\u00e1 elevada a juicio.<\/p>\n<p>  La apertura de las l\u00edneas y el cruce de llamadas de los tel\u00e9fonos secuestrados a los sospechosos de haber participado del hecho le permitir\u00e1 al Fiscal Marcelo Manso saber qui\u00e9nes colaboraron con Carlos Branto Ayala, \u00fanico imputado por el asesinato del polic\u00eda Nelson Lillo.<br \/>\n  El letrado busca establecer si hubo entregadores que brindaron los datos precisos a los asaltantes para llegar en el momento justo en que el cami\u00f3n repartidor arribaba al supermercado de Rivadavia y Oliveira C\u00e9zar, y qui\u00e9nes lo ayudaron a escapar y aguantaron durante las horas que en que Branto permaneci\u00f3 pr\u00f3fugo hasta ser capturado por la polic\u00eda.<br \/>\n  Es por eso que, para respetar los tiempos que exige la justicia, la causa ser\u00e1 desdoblada y la etapa donde se instruye el asesinato del polic\u00eda ser\u00e1 elevada a juicio en el transcurso de la semana. Mientras tanto la otra parte de la causa para conocer sobre los c\u00f3mplices que intervinieron a favor del imputado seguir\u00e1 siendo instruida.<br \/>\n  \u201cTuvimos que dividir la causa porque el pr\u00f3ximo 25 de noviembre se nos vencen los 10 meses de plazo que tenemos para elevar la causa a juicio\u201d, explic\u00f3 el Fiscal en el aire de FM G\u00e9nesis.<br \/>\n  \u201cPor eso la desdoblamos y se va a continuar respecto del resto, porque todav\u00eda no hay detenidos y tenemos tiempo de poder seguir investigando\u201d.<br \/>\n  \u201cBajo la misma car\u00e1tula se har\u00e1n dos juicios por separado\u201d, se\u00f1al\u00f3. <\/p>\n<p>  Carlos \u201cel Zurdo\u201d Branto Ayala (45 a\u00f1os), de frondosos antecedentes, est\u00e1 detenido desde el 27 de enero de este a\u00f1o luego de permanecer pr\u00f3fugo durante dos d\u00edas. Junto a Pablo Morel protagonizaron el asalto y robo a un cami\u00f3n repartidor de Baradero cuando se encontraba en un supermercado ubicado en Rivadavia y Oliveira C\u00e9zar el 25 de febrero.<br \/>\n  Mantuvieron un enfrentamiento armado con la polic\u00eda y, como consecuencia, resultaron muertos Morel y el polic\u00eda Nelson Lillo.<br \/>\n  Branto, herido, escap\u00f3 de la escena del crimen y pudo ser detenido dos d\u00edas despu\u00e9s en un camino rural del paraje Tablas cuando pretend\u00eda escapar.<\/p>\n<p>Fuente: San Pedro Informa<\/p>\n","protected":false},"excerpt":{"rendered":"<p>Mientras se busca establecer qui\u00e9nes actuaron como c\u00f3mplices de Branto, por ahora \u00fanico imputado en el asesinato del polic\u00eda, una parte de la causa ser\u00e1 elevada a juicio. La apertura de las l\u00edneas y el cruce de llamadas de los tel\u00e9fonos secuestrados a los sospechosos de haber participado del hecho le permitir\u00e1 al Fiscal Marcelo [&hellip;]<\/p>\n","protected":false},"author":4,"featured_media":43115,"comment_status":"open","ping_status":"closed","sticky":false,"template":"","format":"standard","meta":{"om_disable_all_campaigns":false,"_jetpack_memberships_contains_paid_content":false,"footnotes":""},"categories":[2,103],"tags":[],"class_list":["post-43113","post","type-post","status-publish","format-standard","has-post-thumbnail","hentry","category-locales","category-policiales-locales"],"aioseo_notices":[],"gutentor_comment":0,"jetpack_featured_media_url":"https:\/\/eldiariodesanpedro.com.ar\/sitio\/wp-content\/uploads\/2018\/11\/Ayala-cuando-fue-encontrado.jpg","jetpack_shortlink":"https:\/\/wp.me\/p6RhLt-bdn","jetpack_sharing_enabled":true,"_links":{"self":[{"href":"https:\/\/eldiariodesanpedro.com.ar\/sitio\/wp-json\/wp\/v2\/posts\/43113","targetHints":{"allow":["GET"]}}],"collection":[{"href":"https:\/\/eldiariodesanpedro.com.ar\/sitio\/wp-json\/wp\/v2\/posts"}],"about":[{"href":"https:\/\/eldiariodesanpedro.com.ar\/sitio\/wp-json\/wp\/v2\/types\/post"}],"author":[{"embeddable":true,"href":"https:\/\/eldiariodesanpedro.com.ar\/sitio\/wp-json\/wp\/v2\/users\/4"}],"replies":[{"embeddable":true,"href":"https:\/\/eldiariodesanpedro.com.ar\/sitio\/wp-json\/wp\/v2\/comments?post=43113"}],"version-history":[{"count":1,"href":"https:\/\/eldiariodesanpedro.com.ar\/sitio\/wp-json\/wp\/v2\/posts\/43113\/revisions"}],"predecessor-version":[{"id":43116,"href":"https:\/\/eldiariodesanpedro.com.ar\/sitio\/wp-json\/wp\/v2\/posts\/43113\/revisions\/43116"}],"wp:featuredmedia":[{"embeddable":true,"href":"https:\/\/eldiariodesanpedro.com.ar\/sitio\/wp-json\/wp\/v2\/media\/43115"}],"wp:attachment":[{"href":"https:\/\/eldiariodesanpedro.com.ar\/sitio\/wp-json\/wp\/v2\/media?parent=43113"}],"wp:term":[{"taxonomy":"category","embeddable":true,"href":"https:\/\/eldiariodesanpedro.com.ar\/sitio\/wp-json\/wp\/v2\/categories?post=43113"},{"taxonomy":"post_tag","embeddable":true,"href":"https:\/\/eldiariodesanpedro.com.ar\/sitio\/wp-json\/wp\/v2\/tags?post=43113"}],"curies":[{"name":"wp","href":"https:\/\/api.w.org\/{rel}","templated":true}]}}