{"id":43108,"date":"2018-11-06T20:23:52","date_gmt":"2018-11-06T23:23:52","guid":{"rendered":"https:\/\/eldiariodesanpedro.com.ar\/sitio\/?p=43108"},"modified":"2018-11-06T20:23:52","modified_gmt":"2018-11-06T23:23:52","slug":"parana-fc-construyen-el-mural-de-la-pasion-albirroja","status":"publish","type":"post","link":"https:\/\/eldiariodesanpedro.com.ar\/sitio\/parana-fc-construyen-el-mural-de-la-pasion-albirroja\/","title":{"rendered":"Paran\u00e1 FC: Construyen \u00abel mural de la Pasi\u00f3n Albirroja\u00bb"},"content":{"rendered":"<p><!-- VideographyWP Plugin Message: Automatic video embedding prevented by plugin options. --><br \/>\nComo continuidad del cerramiento a la cancha de f\u00fatbol y a trav\u00e9s de la artista pl\u00e1stica Mariana Maroli, se construye un mural en el complejo \u00abJorge Delfor Su\u00e1rez\u00bb.  <\/p>\n<p>  Desde hace unas semanas Paran\u00e1 F\u00fatbol Club comenz\u00f3 a cerrar el per\u00edmetro de la cancha de f\u00fatbol como parte de un ambicioso proyecto que incluye la construcci\u00f3n de vestuarios, cantina y mejoras en la cancha principal.<br \/>\n  Concluida la construcci\u00f3n de los paredones externos que reemplaz\u00f3 al viejo alambrado que da a la calle Beaumont y Almafuerte, ahora se construy\u00f3 un mural dentro del propio predio y en el que se colocar\u00e1 el nombre de cada uno de los simpatizantes y socios que colaboraron para que con su aporte se pueda hacer realidad el proyecto.<br \/>\n  A trav\u00e9s de la artista pl\u00e1stica Mariana Maroli y de la pr\u00e1ctica de mosaiquismo se aplic\u00f3 sobre el \u00abMural de la Pasi\u00f3n Albirroja\u00bb el tradicional escudo del club que acompa\u00f1ar\u00e1 a las futuras placas.<br \/>\n  \u00abTengo a mi hijo que practica deportes en el Club y vi que a trav\u00e9s de este mural era una buena ocasi\u00f3n para colaborar con la instituci\u00f3n\u00bb, dijo Mariana Maroli en el aire de FM G\u00e9nesis.<br \/>\n  \u00abEste es un proyecto que hace rato quer\u00edamos concretar, y adem\u00e1s del cerramiento de la cancha, las modificaciones incluyen vestuarios y cantina\u00bb, dijo el presidente Jorge Schallibaum. <\/p>\n<p>Fuente: San Pedro Informa<\/p>\n","protected":false},"excerpt":{"rendered":"<p>Como continuidad del cerramiento a la cancha de f\u00fatbol y a trav\u00e9s de la artista pl\u00e1stica Mariana Maroli, se construye un mural en el complejo \u00abJorge Delfor Su\u00e1rez\u00bb. Desde hace unas semanas Paran\u00e1 F\u00fatbol Club comenz\u00f3 a cerrar el per\u00edmetro de la cancha de f\u00fatbol como parte de un ambicioso proyecto que incluye la construcci\u00f3n [&hellip;]<\/p>\n","protected":false},"author":4,"featured_media":43110,"comment_status":"open","ping_status":"closed","sticky":false,"template":"","format":"standard","meta":{"om_disable_all_campaigns":false,"_jetpack_memberships_contains_paid_content":false,"footnotes":""},"categories":[101,2],"tags":[],"class_list":["post-43108","post","type-post","status-publish","format-standard","has-post-thumbnail","hentry","category-interes-general-locales","category-locales"],"aioseo_notices":[],"gutentor_comment":0,"jetpack_featured_media_url":"https:\/\/eldiariodesanpedro.com.ar\/sitio\/wp-content\/uploads\/2018\/11\/Se-construye-un-mural-en-el-complejo-Jorge-Delfor-Sua.jpeg","jetpack_shortlink":"https:\/\/wp.me\/p6RhLt-bdi","jetpack_sharing_enabled":true,"_links":{"self":[{"href":"https:\/\/eldiariodesanpedro.com.ar\/sitio\/wp-json\/wp\/v2\/posts\/43108","targetHints":{"allow":["GET"]}}],"collection":[{"href":"https:\/\/eldiariodesanpedro.com.ar\/sitio\/wp-json\/wp\/v2\/posts"}],"about":[{"href":"https:\/\/eldiariodesanpedro.com.ar\/sitio\/wp-json\/wp\/v2\/types\/post"}],"author":[{"embeddable":true,"href":"https:\/\/eldiariodesanpedro.com.ar\/sitio\/wp-json\/wp\/v2\/users\/4"}],"replies":[{"embeddable":true,"href":"https:\/\/eldiariodesanpedro.com.ar\/sitio\/wp-json\/wp\/v2\/comments?post=43108"}],"version-history":[{"count":1,"href":"https:\/\/eldiariodesanpedro.com.ar\/sitio\/wp-json\/wp\/v2\/posts\/43108\/revisions"}],"predecessor-version":[{"id":43112,"href":"https:\/\/eldiariodesanpedro.com.ar\/sitio\/wp-json\/wp\/v2\/posts\/43108\/revisions\/43112"}],"wp:featuredmedia":[{"embeddable":true,"href":"https:\/\/eldiariodesanpedro.com.ar\/sitio\/wp-json\/wp\/v2\/media\/43110"}],"wp:attachment":[{"href":"https:\/\/eldiariodesanpedro.com.ar\/sitio\/wp-json\/wp\/v2\/media?parent=43108"}],"wp:term":[{"taxonomy":"category","embeddable":true,"href":"https:\/\/eldiariodesanpedro.com.ar\/sitio\/wp-json\/wp\/v2\/categories?post=43108"},{"taxonomy":"post_tag","embeddable":true,"href":"https:\/\/eldiariodesanpedro.com.ar\/sitio\/wp-json\/wp\/v2\/tags?post=43108"}],"curies":[{"name":"wp","href":"https:\/\/api.w.org\/{rel}","templated":true}]}}