{"id":43106,"date":"2018-11-06T20:23:38","date_gmt":"2018-11-06T23:23:38","guid":{"rendered":"https:\/\/eldiariodesanpedro.com.ar\/sitio\/?p=43106"},"modified":"2018-11-06T20:23:38","modified_gmt":"2018-11-06T23:23:38","slug":"premio-a-la-trayectoria-la-faped-reconocio-al-periodista-jorge-bolla","status":"publish","type":"post","link":"https:\/\/eldiariodesanpedro.com.ar\/sitio\/premio-a-la-trayectoria-la-faped-reconocio-al-periodista-jorge-bolla\/","title":{"rendered":"PREMIO A LA TRAYECTORIA: La FAPED reconoci\u00f3 al periodista Jorge Bolla"},"content":{"rendered":"<p><!-- VideographyWP Plugin Message: Automatic video embedding prevented by plugin options. --><br \/>\nSe llev\u00f3 a cabo en CABA el 50\u00b0 Congreso Nacional de la Federaci\u00f3n Argentina de Periodistas Deportivos y por ser parte del mismo, el C\u00edrculo de nuestra ciudad estuvo representado por Rom\u00e1n Baca y Jorge P\u00e9rez.<\/p>\n<p>  El 50\u00ba Congreso Nacional de Periodistas Deportivos se denomin\u00f3 Manuel \u201cManolo\u201d Garc\u00eda en memoria del Periodista de Comodoro Rivadavia recientemente fallecido y el cual era parte de Faped desde hace muchos a\u00f1os. Durante toda la jornada 15 C\u00edrculos (de los 23 afiliados) estuvieron presentes en la Casa de Entre R\u00edos, cedida gentilmente para la ocasi\u00f3n.<\/p>\n<p>  El periodista Jorge Alberto Bolla recibi\u00f3 un reconocimiento de parte de la Faped por su trayectoria en el mismo Congreso Nacional. Vale destacar que Jorge recibir\u00e1, adem\u00e1s, en el Senado de la Naci\u00f3n junto a importantes figuras del Periodismo Deportivo de nuestro pa\u00eds en fecha a\u00fan a confirmar el premio \u201cMaestros del Periodismo\u201d.<\/p>\n","protected":false},"excerpt":{"rendered":"<p>Se llev\u00f3 a cabo en CABA el 50\u00b0 Congreso Nacional de la Federaci\u00f3n Argentina de Periodistas Deportivos y por ser parte del mismo, el C\u00edrculo de nuestra ciudad estuvo representado por Rom\u00e1n Baca y Jorge P\u00e9rez. El 50\u00ba Congreso Nacional de Periodistas Deportivos se denomin\u00f3 Manuel \u201cManolo\u201d Garc\u00eda en memoria del Periodista de Comodoro Rivadavia [&hellip;]<\/p>\n","protected":false},"author":4,"featured_media":43109,"comment_status":"open","ping_status":"closed","sticky":false,"template":"","format":"standard","meta":{"om_disable_all_campaigns":false,"_jetpack_memberships_contains_paid_content":false,"footnotes":""},"categories":[101,2],"tags":[],"class_list":["post-43106","post","type-post","status-publish","format-standard","has-post-thumbnail","hentry","category-interes-general-locales","category-locales"],"aioseo_notices":[],"gutentor_comment":0,"jetpack_featured_media_url":"https:\/\/eldiariodesanpedro.com.ar\/sitio\/wp-content\/uploads\/2018\/11\/La-FAPED-reconoci\u00f3-al-periodista-Jorge-Bolla.jpg","jetpack_shortlink":"https:\/\/wp.me\/p6RhLt-bdg","jetpack_sharing_enabled":true,"_links":{"self":[{"href":"https:\/\/eldiariodesanpedro.com.ar\/sitio\/wp-json\/wp\/v2\/posts\/43106","targetHints":{"allow":["GET"]}}],"collection":[{"href":"https:\/\/eldiariodesanpedro.com.ar\/sitio\/wp-json\/wp\/v2\/posts"}],"about":[{"href":"https:\/\/eldiariodesanpedro.com.ar\/sitio\/wp-json\/wp\/v2\/types\/post"}],"author":[{"embeddable":true,"href":"https:\/\/eldiariodesanpedro.com.ar\/sitio\/wp-json\/wp\/v2\/users\/4"}],"replies":[{"embeddable":true,"href":"https:\/\/eldiariodesanpedro.com.ar\/sitio\/wp-json\/wp\/v2\/comments?post=43106"}],"version-history":[{"count":1,"href":"https:\/\/eldiariodesanpedro.com.ar\/sitio\/wp-json\/wp\/v2\/posts\/43106\/revisions"}],"predecessor-version":[{"id":43111,"href":"https:\/\/eldiariodesanpedro.com.ar\/sitio\/wp-json\/wp\/v2\/posts\/43106\/revisions\/43111"}],"wp:featuredmedia":[{"embeddable":true,"href":"https:\/\/eldiariodesanpedro.com.ar\/sitio\/wp-json\/wp\/v2\/media\/43109"}],"wp:attachment":[{"href":"https:\/\/eldiariodesanpedro.com.ar\/sitio\/wp-json\/wp\/v2\/media?parent=43106"}],"wp:term":[{"taxonomy":"category","embeddable":true,"href":"https:\/\/eldiariodesanpedro.com.ar\/sitio\/wp-json\/wp\/v2\/categories?post=43106"},{"taxonomy":"post_tag","embeddable":true,"href":"https:\/\/eldiariodesanpedro.com.ar\/sitio\/wp-json\/wp\/v2\/tags?post=43106"}],"curies":[{"name":"wp","href":"https:\/\/api.w.org\/{rel}","templated":true}]}}