{"id":43100,"date":"2018-11-06T20:17:53","date_gmt":"2018-11-06T23:17:53","guid":{"rendered":"https:\/\/eldiariodesanpedro.com.ar\/sitio\/?p=43100"},"modified":"2018-11-06T20:17:53","modified_gmt":"2018-11-06T23:17:53","slug":"baradero-recupero-la-bici-que-le-habian-robado-hace-un-ano-y-ahora-se-la-robaron-nuevamente","status":"publish","type":"post","link":"https:\/\/eldiariodesanpedro.com.ar\/sitio\/baradero-recupero-la-bici-que-le-habian-robado-hace-un-ano-y-ahora-se-la-robaron-nuevamente\/","title":{"rendered":"BARADERO: Recuper\u00f3 la bici que le hab\u00edan robado hace un a\u00f1o y ahora, se la robaron nuevamente"},"content":{"rendered":"<p><!-- VideographyWP Plugin Message: Automatic video embedding prevented by plugin options. --><br \/>\n  El hecho le ocurri\u00f3 este fin de semana, cuando una mujer dej\u00f3 estacionada la bicicleta en las puertas de una veterinaria ubicada en Cabrera al 1000. Se trata de una bicicleta de mujer roja.<br \/>\n  Hace un a\u00f1o le hab\u00edan llevado el rodado y logr\u00f3 recuperarlo.<br \/>\n  \u201cA una mujer se la hab\u00edan ofrecido y la hija le coment\u00f3 que la est\u00e1bamos difundiendo por Facebook. As\u00ed la recuper\u00e9\u201d, se\u00f1al\u00f3 por Tu Radio Lucy Liaudat.<br \/>\n  La propietaria expres\u00f3 lo que le ocurri\u00f3 el fin de semana cuando le volvieron a robar la bicicleta. Incre\u00edblemente ofrece una recompensa para recuperar lo que le pertenece.<br \/>\n  \u201cSabes que pasa, que las venden por dos pesos. Entonces por eso puse una recompensa. No es una bicicleta de marca ni nada. Pero para m\u00ed es muy importante\u201d, relat\u00f3.<\/p>\n<p>Fuente: Tu L\u00ednea Directa<\/p>\n","protected":false},"excerpt":{"rendered":"<p>El hecho le ocurri\u00f3 este fin de semana, cuando una mujer dej\u00f3 estacionada la bicicleta en las puertas de una veterinaria ubicada en Cabrera al 1000. Se trata de una bicicleta de mujer roja. Hace un a\u00f1o le hab\u00edan llevado el rodado y logr\u00f3 recuperarlo. \u201cA una mujer se la hab\u00edan ofrecido y la hija [&hellip;]<\/p>\n","protected":false},"author":4,"featured_media":43105,"comment_status":"open","ping_status":"closed","sticky":false,"template":"","format":"standard","meta":{"om_disable_all_campaigns":false,"_jetpack_memberships_contains_paid_content":false,"footnotes":""},"categories":[621],"tags":[],"class_list":["post-43100","post","type-post","status-publish","format-standard","has-post-thumbnail","hentry","category-regionales"],"aioseo_notices":[],"gutentor_comment":0,"jetpack_featured_media_url":"https:\/\/eldiariodesanpedro.com.ar\/sitio\/wp-content\/uploads\/2018\/11\/Recuper\u00f3-la-bici-que-le-hab\u00edan-robado-hace-un-a\u00f1o-y-ahora-se-la-robaron-nuevamente.jpg","jetpack_shortlink":"https:\/\/wp.me\/p6RhLt-bda","jetpack_sharing_enabled":true,"_links":{"self":[{"href":"https:\/\/eldiariodesanpedro.com.ar\/sitio\/wp-json\/wp\/v2\/posts\/43100","targetHints":{"allow":["GET"]}}],"collection":[{"href":"https:\/\/eldiariodesanpedro.com.ar\/sitio\/wp-json\/wp\/v2\/posts"}],"about":[{"href":"https:\/\/eldiariodesanpedro.com.ar\/sitio\/wp-json\/wp\/v2\/types\/post"}],"author":[{"embeddable":true,"href":"https:\/\/eldiariodesanpedro.com.ar\/sitio\/wp-json\/wp\/v2\/users\/4"}],"replies":[{"embeddable":true,"href":"https:\/\/eldiariodesanpedro.com.ar\/sitio\/wp-json\/wp\/v2\/comments?post=43100"}],"version-history":[{"count":1,"href":"https:\/\/eldiariodesanpedro.com.ar\/sitio\/wp-json\/wp\/v2\/posts\/43100\/revisions"}],"predecessor-version":[{"id":43107,"href":"https:\/\/eldiariodesanpedro.com.ar\/sitio\/wp-json\/wp\/v2\/posts\/43100\/revisions\/43107"}],"wp:featuredmedia":[{"embeddable":true,"href":"https:\/\/eldiariodesanpedro.com.ar\/sitio\/wp-json\/wp\/v2\/media\/43105"}],"wp:attachment":[{"href":"https:\/\/eldiariodesanpedro.com.ar\/sitio\/wp-json\/wp\/v2\/media?parent=43100"}],"wp:term":[{"taxonomy":"category","embeddable":true,"href":"https:\/\/eldiariodesanpedro.com.ar\/sitio\/wp-json\/wp\/v2\/categories?post=43100"},{"taxonomy":"post_tag","embeddable":true,"href":"https:\/\/eldiariodesanpedro.com.ar\/sitio\/wp-json\/wp\/v2\/tags?post=43100"}],"curies":[{"name":"wp","href":"https:\/\/api.w.org\/{rel}","templated":true}]}}