{"id":43099,"date":"2018-11-06T20:16:47","date_gmt":"2018-11-06T23:16:47","guid":{"rendered":"https:\/\/eldiariodesanpedro.com.ar\/sitio\/?p=43099"},"modified":"2018-11-06T20:16:47","modified_gmt":"2018-11-06T23:16:47","slug":"ramallo-mas-de-33-mil-personas-participaron-este-fin-de-semana-en-acercarte","status":"publish","type":"post","link":"https:\/\/eldiariodesanpedro.com.ar\/sitio\/ramallo-mas-de-33-mil-personas-participaron-este-fin-de-semana-en-acercarte\/","title":{"rendered":"RAMALLO: M\u00e1s de 33 mil personas participaron este fin de semana en \u201cAcercarte\u00bb"},"content":{"rendered":"<p><!-- VideographyWP Plugin Message: Automatic video embedding prevented by plugin options. --><br \/>\nLa movida cultural impulsada por la provincia de Buenos Aires que cuenta con espect\u00e1culos gratuitos., que se desarroll\u00f3 durante el fin de semana en la localidad.<\/p>\n<p>  Con la presencia destacada de \u00c1ngela Torres y Graciela Borges el s\u00e1bado; Miranda, Mike Amigorena y el show de Adriana el domingo, se vivi\u00f3 una fiesta en la Plaza Jos\u00e9 Mar\u00eda Bustos. En Villa Ramallo se desarrollaron las obras de teatro.<\/p>\n<p>  La plaza Jos\u00e9 Mar\u00eda Bustos se vio colmada de familias disfrutando de dos d\u00edas con actividades recreativas, culturales y paseo de artesanos.<\/p>\n","protected":false},"excerpt":{"rendered":"<p>La movida cultural impulsada por la provincia de Buenos Aires que cuenta con espect\u00e1culos gratuitos., que se desarroll\u00f3 durante el fin de semana en la localidad. Con la presencia destacada de \u00c1ngela Torres y Graciela Borges el s\u00e1bado; Miranda, Mike Amigorena y el show de Adriana el domingo, se vivi\u00f3 una fiesta en la Plaza [&hellip;]<\/p>\n","protected":false},"author":4,"featured_media":43103,"comment_status":"open","ping_status":"closed","sticky":false,"template":"","format":"standard","meta":{"om_disable_all_campaigns":false,"_jetpack_memberships_contains_paid_content":false,"footnotes":""},"categories":[621],"tags":[],"class_list":["post-43099","post","type-post","status-publish","format-standard","has-post-thumbnail","hentry","category-regionales"],"aioseo_notices":[],"gutentor_comment":0,"jetpack_featured_media_url":"https:\/\/eldiariodesanpedro.com.ar\/sitio\/wp-content\/uploads\/2018\/11\/PAGINA-7.jpeg","jetpack_shortlink":"https:\/\/wp.me\/p6RhLt-bd9","jetpack_sharing_enabled":true,"_links":{"self":[{"href":"https:\/\/eldiariodesanpedro.com.ar\/sitio\/wp-json\/wp\/v2\/posts\/43099","targetHints":{"allow":["GET"]}}],"collection":[{"href":"https:\/\/eldiariodesanpedro.com.ar\/sitio\/wp-json\/wp\/v2\/posts"}],"about":[{"href":"https:\/\/eldiariodesanpedro.com.ar\/sitio\/wp-json\/wp\/v2\/types\/post"}],"author":[{"embeddable":true,"href":"https:\/\/eldiariodesanpedro.com.ar\/sitio\/wp-json\/wp\/v2\/users\/4"}],"replies":[{"embeddable":true,"href":"https:\/\/eldiariodesanpedro.com.ar\/sitio\/wp-json\/wp\/v2\/comments?post=43099"}],"version-history":[{"count":1,"href":"https:\/\/eldiariodesanpedro.com.ar\/sitio\/wp-json\/wp\/v2\/posts\/43099\/revisions"}],"predecessor-version":[{"id":43104,"href":"https:\/\/eldiariodesanpedro.com.ar\/sitio\/wp-json\/wp\/v2\/posts\/43099\/revisions\/43104"}],"wp:featuredmedia":[{"embeddable":true,"href":"https:\/\/eldiariodesanpedro.com.ar\/sitio\/wp-json\/wp\/v2\/media\/43103"}],"wp:attachment":[{"href":"https:\/\/eldiariodesanpedro.com.ar\/sitio\/wp-json\/wp\/v2\/media?parent=43099"}],"wp:term":[{"taxonomy":"category","embeddable":true,"href":"https:\/\/eldiariodesanpedro.com.ar\/sitio\/wp-json\/wp\/v2\/categories?post=43099"},{"taxonomy":"post_tag","embeddable":true,"href":"https:\/\/eldiariodesanpedro.com.ar\/sitio\/wp-json\/wp\/v2\/tags?post=43099"}],"curies":[{"name":"wp","href":"https:\/\/api.w.org\/{rel}","templated":true}]}}