{"id":43095,"date":"2018-11-06T19:39:14","date_gmt":"2018-11-06T22:39:14","guid":{"rendered":"https:\/\/eldiariodesanpedro.com.ar\/sitio\/?p=43095"},"modified":"2018-11-06T19:39:14","modified_gmt":"2018-11-06T22:39:14","slug":"el-bid-financiara-la-elaboracion-del-proyecto-de-una-amplia-obra-hidraulica","status":"publish","type":"post","link":"https:\/\/eldiariodesanpedro.com.ar\/sitio\/el-bid-financiara-la-elaboracion-del-proyecto-de-una-amplia-obra-hidraulica\/","title":{"rendered":"El BID financiar\u00e1 la elaboraci\u00f3n del proyecto de una amplia obra hidr\u00e1ulica"},"content":{"rendered":"<p><!-- VideographyWP Plugin Message: Automatic video embedding prevented by plugin options. --><br \/>\nEl Intendente Municipal de San Pedro Cecilio Salazar firm\u00f3 esta ma\u00f1ana en Capital Federal junto a Ariel \u00c1lvarez Secretario de Obras P\u00fablicas, Agust\u00edn Vaca Director de Obras P\u00fablicas, Fernando \u00c1lvarez de Celis Secretario de Planificaci\u00f3n Territorial y Coordinaci\u00f3n de la Obra P\u00fablica, Carlos Silva de Direcci\u00f3n Nacional de Pre-inversi\u00f3n y Julian \u00c1lvarez Insua de Direcci\u00f3n Nacional de Planificaci\u00f3n Estrat\u00e9gica Territorial, un convenio a trav\u00e9s del cual se acceder\u00e1 al financiamiento para la elaboraci\u00f3n del proyecto que contempla la realizaci\u00f3n de una amplia obra hidr\u00e1ulica en el Partido de San Pedro. El Banco Interamericano de Desarrollo a instancias de las gestiones de los gobiernos provincial y nacional financiar\u00e1 el proceso t\u00e9cnico necesario para contar con un plan de obras proyectado que resulta esencial para la posterior b\u00fasqueda del financiamiento que una obra de estas caracter\u00edsticas requerir\u00e1.<\/p>\n<p>El proyecto implica el relevamiento y diagn\u00f3stico de la situaci\u00f3n actual para luego la confecci\u00f3n del proyecto que implica la renovaci\u00f3n y o contrucci\u00f3n de desag\u00fces pluviales para San Pedro, Gobernador Castro, Santa Luc\u00eda y Rio tala.<\/p>\n","protected":false},"excerpt":{"rendered":"<p>El Intendente Municipal de San Pedro Cecilio Salazar firm\u00f3 esta ma\u00f1ana en Capital Federal junto a Ariel \u00c1lvarez Secretario de Obras P\u00fablicas, Agust\u00edn Vaca Director de Obras P\u00fablicas, Fernando \u00c1lvarez de Celis Secretario de Planificaci\u00f3n Territorial y Coordinaci\u00f3n de la Obra P\u00fablica, Carlos Silva de Direcci\u00f3n Nacional de Pre-inversi\u00f3n y Julian \u00c1lvarez Insua de Direcci\u00f3n [&hellip;]<\/p>\n","protected":false},"author":4,"featured_media":43096,"comment_status":"open","ping_status":"closed","sticky":false,"template":"","format":"standard","meta":{"om_disable_all_campaigns":false,"_jetpack_memberships_contains_paid_content":false,"footnotes":""},"categories":[101,2],"tags":[],"class_list":["post-43095","post","type-post","status-publish","format-standard","has-post-thumbnail","hentry","category-interes-general-locales","category-locales"],"aioseo_notices":[],"gutentor_comment":0,"jetpack_featured_media_url":"https:\/\/eldiariodesanpedro.com.ar\/sitio\/wp-content\/uploads\/2018\/11\/pastedImage-1.png","jetpack_shortlink":"https:\/\/wp.me\/p6RhLt-bd5","jetpack_sharing_enabled":true,"_links":{"self":[{"href":"https:\/\/eldiariodesanpedro.com.ar\/sitio\/wp-json\/wp\/v2\/posts\/43095","targetHints":{"allow":["GET"]}}],"collection":[{"href":"https:\/\/eldiariodesanpedro.com.ar\/sitio\/wp-json\/wp\/v2\/posts"}],"about":[{"href":"https:\/\/eldiariodesanpedro.com.ar\/sitio\/wp-json\/wp\/v2\/types\/post"}],"author":[{"embeddable":true,"href":"https:\/\/eldiariodesanpedro.com.ar\/sitio\/wp-json\/wp\/v2\/users\/4"}],"replies":[{"embeddable":true,"href":"https:\/\/eldiariodesanpedro.com.ar\/sitio\/wp-json\/wp\/v2\/comments?post=43095"}],"version-history":[{"count":1,"href":"https:\/\/eldiariodesanpedro.com.ar\/sitio\/wp-json\/wp\/v2\/posts\/43095\/revisions"}],"predecessor-version":[{"id":43097,"href":"https:\/\/eldiariodesanpedro.com.ar\/sitio\/wp-json\/wp\/v2\/posts\/43095\/revisions\/43097"}],"wp:featuredmedia":[{"embeddable":true,"href":"https:\/\/eldiariodesanpedro.com.ar\/sitio\/wp-json\/wp\/v2\/media\/43096"}],"wp:attachment":[{"href":"https:\/\/eldiariodesanpedro.com.ar\/sitio\/wp-json\/wp\/v2\/media?parent=43095"}],"wp:term":[{"taxonomy":"category","embeddable":true,"href":"https:\/\/eldiariodesanpedro.com.ar\/sitio\/wp-json\/wp\/v2\/categories?post=43095"},{"taxonomy":"post_tag","embeddable":true,"href":"https:\/\/eldiariodesanpedro.com.ar\/sitio\/wp-json\/wp\/v2\/tags?post=43095"}],"curies":[{"name":"wp","href":"https:\/\/api.w.org\/{rel}","templated":true}]}}