{"id":43091,"date":"2018-11-06T17:40:05","date_gmt":"2018-11-06T20:40:05","guid":{"rendered":"https:\/\/eldiariodesanpedro.com.ar\/sitio\/?p=43091"},"modified":"2018-11-06T17:40:05","modified_gmt":"2018-11-06T20:40:05","slug":"el-puerto-de-san-pedro-evoluciona-a-ser-un-puerto-verde","status":"publish","type":"post","link":"https:\/\/eldiariodesanpedro.com.ar\/sitio\/el-puerto-de-san-pedro-evoluciona-a-ser-un-puerto-verde\/","title":{"rendered":"El Puerto de San Pedro evoluciona a ser un \u00abPuerto Verde\u00bb"},"content":{"rendered":"<p><!-- VideographyWP Plugin Message: Automatic video embedding prevented by plugin options. --><br \/>\nEn la recta final del a\u00f1o marcado por cuestiones operativas, de mercados y los efectos de la bajante que fue evidente durante varios meses se est\u00e1n completando cargas con excelentes condiciones para barcos que transportan cereales a diferentes puntos del mundo.<\/p>\n<p>Hace pocos d\u00edas fue la carga del VDue con 30.000 toneladas de soja y ma\u00edz con destino a Rusia y en estos d\u00edas est\u00e1 haciendo lo propio el buque Nordseine (foto) con bandera de Malta que saldr\u00e1 con 33.000 toneladas de porotos de soja a granel, optimizando el rendimiento de un calado de aproximadamente 10 metros.<\/p>\n<p>Esta carga operada desde la nueva gesti\u00f3n a cargo de Terminal Puerto San Pedro con la firma Grobocopatel Hermanos, se distingue adem\u00e1s por tratarse de mercader\u00eda que respeta condiciones sanitarias especiales y sin modificaciones gen\u00e9ticas.<\/p>\n<p>La orientaci\u00f3n del Puerto de San Pedro hacia las caracter\u00edsticas de \u00abpuerto verde\u00bb, para exportar soja no transg\u00e9nica y otras cargas con la misma condici\u00f3n comenz\u00f3 en abril de este a\u00f1o y tiene excelentes perspectivas para el futuro.<\/p>\n<p>El trabajo desarrollado de manera conjunta desde el Consorcio en el que se encuentran representadas la Municipalidad de San Pedro, entidades de la producci\u00f3n, los empresarios y los sindicatos, permiti\u00f3 articular con la Provincia de Buenos Aires para que se cumpliera con un dragado de emergencia que permitiera garantizar la continuidad de la operatoria planificada, estableciendo una integraci\u00f3n del esfuerzo p\u00fablico y privado para lograrlo. La temporada de frutas ya finaliz\u00f3 y hasta fin de a\u00f1o est\u00e1n por confirmarse dos o tres embarques similares al actual.<\/p>\n<p>Completando la informaci\u00f3n relacionada con esta nueva etapa del Puerto de San Pedro, hace algunas semanas, representantes de Bureau Veritas realizaron la Segunda Auditor\u00eda de Mantenimiento y Certificaci\u00f3n del Sistema de Gesti\u00f3n de Calidad sobre el Consorcio de Gesti\u00f3n del Puerto de San Pedro, seg\u00fan la nueva versi\u00f3n de la Norma ISO 9001:2015.<\/p>\n","protected":false},"excerpt":{"rendered":"<p>En la recta final del a\u00f1o marcado por cuestiones operativas, de mercados y los efectos de la bajante que fue evidente durante varios meses se est\u00e1n completando cargas con excelentes condiciones para barcos que transportan cereales a diferentes puntos del mundo. Hace pocos d\u00edas fue la carga del VDue con 30.000 toneladas de soja y [&hellip;]<\/p>\n","protected":false},"author":4,"featured_media":43092,"comment_status":"open","ping_status":"closed","sticky":false,"template":"","format":"standard","meta":{"om_disable_all_campaigns":false,"_jetpack_memberships_contains_paid_content":false,"footnotes":""},"categories":[101,2],"tags":[],"class_list":["post-43091","post","type-post","status-publish","format-standard","has-post-thumbnail","hentry","category-interes-general-locales","category-locales"],"aioseo_notices":[],"gutentor_comment":0,"jetpack_featured_media_url":"https:\/\/eldiariodesanpedro.com.ar\/sitio\/wp-content\/uploads\/2018\/11\/Nordseine.jpg","jetpack_shortlink":"https:\/\/wp.me\/p6RhLt-bd1","jetpack_sharing_enabled":true,"_links":{"self":[{"href":"https:\/\/eldiariodesanpedro.com.ar\/sitio\/wp-json\/wp\/v2\/posts\/43091","targetHints":{"allow":["GET"]}}],"collection":[{"href":"https:\/\/eldiariodesanpedro.com.ar\/sitio\/wp-json\/wp\/v2\/posts"}],"about":[{"href":"https:\/\/eldiariodesanpedro.com.ar\/sitio\/wp-json\/wp\/v2\/types\/post"}],"author":[{"embeddable":true,"href":"https:\/\/eldiariodesanpedro.com.ar\/sitio\/wp-json\/wp\/v2\/users\/4"}],"replies":[{"embeddable":true,"href":"https:\/\/eldiariodesanpedro.com.ar\/sitio\/wp-json\/wp\/v2\/comments?post=43091"}],"version-history":[{"count":1,"href":"https:\/\/eldiariodesanpedro.com.ar\/sitio\/wp-json\/wp\/v2\/posts\/43091\/revisions"}],"predecessor-version":[{"id":43093,"href":"https:\/\/eldiariodesanpedro.com.ar\/sitio\/wp-json\/wp\/v2\/posts\/43091\/revisions\/43093"}],"wp:featuredmedia":[{"embeddable":true,"href":"https:\/\/eldiariodesanpedro.com.ar\/sitio\/wp-json\/wp\/v2\/media\/43092"}],"wp:attachment":[{"href":"https:\/\/eldiariodesanpedro.com.ar\/sitio\/wp-json\/wp\/v2\/media?parent=43091"}],"wp:term":[{"taxonomy":"category","embeddable":true,"href":"https:\/\/eldiariodesanpedro.com.ar\/sitio\/wp-json\/wp\/v2\/categories?post=43091"},{"taxonomy":"post_tag","embeddable":true,"href":"https:\/\/eldiariodesanpedro.com.ar\/sitio\/wp-json\/wp\/v2\/tags?post=43091"}],"curies":[{"name":"wp","href":"https:\/\/api.w.org\/{rel}","templated":true}]}}