{"id":43079,"date":"2018-11-06T09:44:52","date_gmt":"2018-11-06T12:44:52","guid":{"rendered":"https:\/\/eldiariodesanpedro.com.ar\/sitio\/?p=43079"},"modified":"2018-11-06T09:44:52","modified_gmt":"2018-11-06T12:44:52","slug":"investigacion-y-estudio-sobre-el-trabajo-en-la-produccion-de-arandanos-junto-a-cecilio-salazar","status":"publish","type":"post","link":"https:\/\/eldiariodesanpedro.com.ar\/sitio\/investigacion-y-estudio-sobre-el-trabajo-en-la-produccion-de-arandanos-junto-a-cecilio-salazar\/","title":{"rendered":"Investigaci\u00f3n y estudio sobre el trabajo en la producci\u00f3n de ar\u00e1ndanos junto a Cecilio Salazar"},"content":{"rendered":"<p><!-- VideographyWP Plugin Message: Automatic video embedding prevented by plugin options. --><br \/>\nSan Pedro fue sede este lunes 5 de noviembre de una agenda de actividades coordinadas por Safe Youth Argentina dentro de su programa \u00abConstruyendo una Generaci\u00f3n de Trabajadores Seguros y Saludables\u00bb.<\/p>\n<p>Tal como hab\u00eda sido acordado d\u00edas atr\u00e1s en una reuni\u00f3n mantenida en Buenos Aires, nuestra ciudad el Intendente Cecilio Salazar fueron convocados para recibir a una importante delegaci\u00f3n que en la fecha realiz\u00f3 un estudio r\u00e1pido en cultivos de ar\u00e1ndanos revisando las condiciones de seguridad y salud en sus puestos de trabajo.<\/p>\n<p>El Plan fue implementado a trav\u00e9s de la FUNDACI\u00d3N SES y la Organizaci\u00f3n Internacional del Trabajo OIT relevando grupos de trabajadores adolescentes y j\u00f3venes trabajadores, de entre 16 a 24 a\u00f1os de edad en Argentina hoy se dedic\u00f3 a San Pedro incluyendo los peligros y riesgos a los que se enfrenta y los conocimientos y percepciones de ellos y de sus empleadores. respecto a SST\u201d. <\/p>\n<p>Participaron adem\u00e1s del Intendente Salazar y el Secretario de Coordinaci\u00f3n Dr. Ram\u00f3n Salazar, el Diputado Nacional Pablo Ansaloni, el Licenciado Gustavo Ponce, Asistente Superior de Programaci\u00f3n &#8211; Of. OIT Argentina, Lic. Mar\u00eda Munaretto, Coord Nacional de Proyectos &#8211; Of. OIT Argentina, Lic. Nicol\u00e1s Rezzonico, Coord. Nacional de Proyectos &#8211; OIT Argentina, Lic. Pablo Sorondo Oficial de Gesti\u00f3n de Inf. Doc. y Comunicaci\u00f3n &#8211; Oficina OIT Argentina, Jos\u00e9 Antonio Voytenco, Secretario de Relaciones Institucionales, Sec. Nacional de UATRE, Clemente Iriarte, Secretario de Deportes, Cultura y Capacitaci\u00f3n, Sec. Nacional de UATRE, Pedro Pablo Peger , Prosecretario de Finanzas, Secretariado Nacional de UATRE, Lic. Paola Prad\u00e9, Secretar\u00eda T\u00e9cnica Ejecutiva CIPETRI \u2013UATRE, Prof. Dar\u00edo Lacuadra, Secretar\u00eda T\u00e9cnica Ejecutiva CIPETRI \u2013UATRE,  Lic. Cecilia L\u00f3pez Chapato, Fundaci\u00f3n S.E.S., Lic. Dana Borzese,  Fundaci\u00f3n S.E.S., Lic. Micaela Herb\u00f3n Browne,  Fundaci\u00f3n S.E.S. y  Daniel Coelho, Representante Sector Empleador &#8211; Establecimiento Campo Azul S.A., Sr. Edgardo Kaufman, Representante Sector Empleador &#8211; Establecimiento La Azulada y J\u00f3venes Trabajadores y Trabajadoras relacionados al cultivo del ar\u00e1ndano.   <\/p>\n<p>La recepci\u00f3n tuvo lugar en el despacho del Intendente y luego se trasladaron para cumplir con el plan previsto en los establecimientos rurales con entrevistas y charlas para conocer m\u00e1s sobre la este tipo de producci\u00f3n. <\/p>\n<p>Despu\u00e9s del mediod\u00eda la delegaci\u00f3n visit\u00f3 el Puerto de San Pedro en plena operatoria de carga de porotos de soja y recibieron mayor informaci\u00f3n sobre las caracter\u00edsticas del Puerto que adem\u00e1s concluy\u00f3 hace pocos d\u00edas un dragado especial que le ha permitido mejorar notablemente sus condiciones y posibilidades.<\/p>\n<p><img decoding=\"async\" data-attachment-id=\"43080\" data-permalink=\"https:\/\/eldiariodesanpedro.com.ar\/sitio\/investigacion-y-estudio-sobre-el-trabajo-en-la-produccion-de-arandanos-junto-a-cecilio-salazar\/bi4a0044\/\" data-orig-file=\"https:\/\/eldiariodesanpedro.com.ar\/sitio\/wp-content\/uploads\/2018\/11\/BI4A0044.jpg\" data-orig-size=\"3840,2560\" data-comments-opened=\"1\" data-image-meta=\"{&quot;aperture&quot;:&quot;22&quot;,&quot;credit&quot;:&quot;&quot;,&quot;camera&quot;:&quot;Canon EOS 5D Mark III&quot;,&quot;caption&quot;:&quot;&quot;,&quot;created_timestamp&quot;:&quot;1549114502&quot;,&quot;copyright&quot;:&quot;&quot;,&quot;focal_length&quot;:&quot;24&quot;,&quot;iso&quot;:&quot;400&quot;,&quot;shutter_speed&quot;:&quot;0.005&quot;,&quot;title&quot;:&quot;&quot;,&quot;orientation&quot;:&quot;0&quot;}\" data-image-title=\"BI4A0044\" data-image-description=\"\" data-image-caption=\"\" data-large-file=\"https:\/\/eldiariodesanpedro.com.ar\/sitio\/wp-content\/uploads\/2018\/11\/BI4A0044-1024x683.jpg\" data-src=\"https:\/\/eldiariodesanpedro.com.ar\/sitio\/wp-content\/uploads\/2018\/11\/BI4A0044-1024x683.jpg\" alt=\"\" width=\"660\" height=\"440\" class=\"alignnone size-large wp-image-43080 lazyload\" data-srcset=\"https:\/\/eldiariodesanpedro.com.ar\/sitio\/wp-content\/uploads\/2018\/11\/BI4A0044-1024x683.jpg 1024w, https:\/\/eldiariodesanpedro.com.ar\/sitio\/wp-content\/uploads\/2018\/11\/BI4A0044-300x200.jpg 300w, https:\/\/eldiariodesanpedro.com.ar\/sitio\/wp-content\/uploads\/2018\/11\/BI4A0044-768x512.jpg 768w\" data-sizes=\"(max-width: 660px) 100vw, 660px\" src=\"data:image\/svg+xml;base64,PHN2ZyB3aWR0aD0iMSIgaGVpZ2h0PSIxIiB4bWxucz0iaHR0cDovL3d3dy53My5vcmcvMjAwMC9zdmciPjwvc3ZnPg==\" style=\"--smush-placeholder-width: 660px; --smush-placeholder-aspect-ratio: 660\/440;\" \/><\/p>\n<p><img decoding=\"async\" data-attachment-id=\"43081\" data-permalink=\"https:\/\/eldiariodesanpedro.com.ar\/sitio\/investigacion-y-estudio-sobre-el-trabajo-en-la-produccion-de-arandanos-junto-a-cecilio-salazar\/bi4a9922\/\" data-orig-file=\"https:\/\/eldiariodesanpedro.com.ar\/sitio\/wp-content\/uploads\/2018\/11\/BI4A9922.jpg\" data-orig-size=\"3183,1904\" data-comments-opened=\"1\" data-image-meta=\"{&quot;aperture&quot;:&quot;4&quot;,&quot;credit&quot;:&quot;&quot;,&quot;camera&quot;:&quot;Canon EOS 5D Mark III&quot;,&quot;caption&quot;:&quot;&quot;,&quot;created_timestamp&quot;:&quot;1549105933&quot;,&quot;copyright&quot;:&quot;&quot;,&quot;focal_length&quot;:&quot;105&quot;,&quot;iso&quot;:&quot;800&quot;,&quot;shutter_speed&quot;:&quot;0.0125&quot;,&quot;title&quot;:&quot;&quot;,&quot;orientation&quot;:&quot;0&quot;}\" data-image-title=\"BI4A9922\" data-image-description=\"\" data-image-caption=\"\" data-large-file=\"https:\/\/eldiariodesanpedro.com.ar\/sitio\/wp-content\/uploads\/2018\/11\/BI4A9922-1024x613.jpg\" data-src=\"https:\/\/eldiariodesanpedro.com.ar\/sitio\/wp-content\/uploads\/2018\/11\/BI4A9922-1024x613.jpg\" alt=\"\" width=\"660\" height=\"395\" class=\"alignnone size-large wp-image-43081 lazyload\" data-srcset=\"https:\/\/eldiariodesanpedro.com.ar\/sitio\/wp-content\/uploads\/2018\/11\/BI4A9922-1024x613.jpg 1024w, https:\/\/eldiariodesanpedro.com.ar\/sitio\/wp-content\/uploads\/2018\/11\/BI4A9922-300x179.jpg 300w, https:\/\/eldiariodesanpedro.com.ar\/sitio\/wp-content\/uploads\/2018\/11\/BI4A9922-768x459.jpg 768w\" data-sizes=\"(max-width: 660px) 100vw, 660px\" src=\"data:image\/svg+xml;base64,PHN2ZyB3aWR0aD0iMSIgaGVpZ2h0PSIxIiB4bWxucz0iaHR0cDovL3d3dy53My5vcmcvMjAwMC9zdmciPjwvc3ZnPg==\" style=\"--smush-placeholder-width: 660px; --smush-placeholder-aspect-ratio: 660\/395;\" \/><\/p>\n<p><img decoding=\"async\" data-attachment-id=\"43082\" data-permalink=\"https:\/\/eldiariodesanpedro.com.ar\/sitio\/investigacion-y-estudio-sobre-el-trabajo-en-la-produccion-de-arandanos-junto-a-cecilio-salazar\/unnamed-63\/\" data-orig-file=\"https:\/\/eldiariodesanpedro.com.ar\/sitio\/wp-content\/uploads\/2018\/11\/unnamed.jpg\" data-orig-size=\"3520,2408\" data-comments-opened=\"1\" data-image-meta=\"{&quot;aperture&quot;:&quot;0&quot;,&quot;credit&quot;:&quot;&quot;,&quot;camera&quot;:&quot;&quot;,&quot;caption&quot;:&quot;&quot;,&quot;created_timestamp&quot;:&quot;0&quot;,&quot;copyright&quot;:&quot;&quot;,&quot;focal_length&quot;:&quot;0&quot;,&quot;iso&quot;:&quot;0&quot;,&quot;shutter_speed&quot;:&quot;0&quot;,&quot;title&quot;:&quot;&quot;,&quot;orientation&quot;:&quot;0&quot;}\" data-image-title=\"unnamed\" data-image-description=\"\" data-image-caption=\"\" data-large-file=\"https:\/\/eldiariodesanpedro.com.ar\/sitio\/wp-content\/uploads\/2018\/11\/unnamed-1024x701.jpg\" data-src=\"https:\/\/eldiariodesanpedro.com.ar\/sitio\/wp-content\/uploads\/2018\/11\/unnamed-1024x701.jpg\" alt=\"\" width=\"660\" height=\"452\" class=\"alignnone size-large wp-image-43082 lazyload\" data-srcset=\"https:\/\/eldiariodesanpedro.com.ar\/sitio\/wp-content\/uploads\/2018\/11\/unnamed-1024x701.jpg 1024w, https:\/\/eldiariodesanpedro.com.ar\/sitio\/wp-content\/uploads\/2018\/11\/unnamed-300x205.jpg 300w, https:\/\/eldiariodesanpedro.com.ar\/sitio\/wp-content\/uploads\/2018\/11\/unnamed-768x525.jpg 768w, https:\/\/eldiariodesanpedro.com.ar\/sitio\/wp-content\/uploads\/2018\/11\/unnamed-130x90.jpg 130w\" data-sizes=\"(max-width: 660px) 100vw, 660px\" src=\"data:image\/svg+xml;base64,PHN2ZyB3aWR0aD0iMSIgaGVpZ2h0PSIxIiB4bWxucz0iaHR0cDovL3d3dy53My5vcmcvMjAwMC9zdmciPjwvc3ZnPg==\" style=\"--smush-placeholder-width: 660px; --smush-placeholder-aspect-ratio: 660\/452;\" \/><\/p>\n","protected":false},"excerpt":{"rendered":"<p>San Pedro fue sede este lunes 5 de noviembre de una agenda de actividades coordinadas por Safe Youth Argentina dentro de su programa \u00abConstruyendo una Generaci\u00f3n de Trabajadores Seguros y Saludables\u00bb. Tal como hab\u00eda sido acordado d\u00edas atr\u00e1s en una reuni\u00f3n mantenida en Buenos Aires, nuestra ciudad el Intendente Cecilio Salazar fueron convocados para recibir [&hellip;]<\/p>\n","protected":false},"author":4,"featured_media":43082,"comment_status":"open","ping_status":"closed","sticky":false,"template":"","format":"standard","meta":{"om_disable_all_campaigns":false,"_jetpack_memberships_contains_paid_content":false,"footnotes":""},"categories":[50,101,2],"tags":[],"class_list":["post-43079","post","type-post","status-publish","format-standard","has-post-thumbnail","hentry","category-destacadas","category-interes-general-locales","category-locales"],"aioseo_notices":[],"gutentor_comment":0,"jetpack_featured_media_url":"https:\/\/eldiariodesanpedro.com.ar\/sitio\/wp-content\/uploads\/2018\/11\/unnamed.jpg","jetpack_shortlink":"https:\/\/wp.me\/p6RhLt-bcP","jetpack_sharing_enabled":true,"_links":{"self":[{"href":"https:\/\/eldiariodesanpedro.com.ar\/sitio\/wp-json\/wp\/v2\/posts\/43079","targetHints":{"allow":["GET"]}}],"collection":[{"href":"https:\/\/eldiariodesanpedro.com.ar\/sitio\/wp-json\/wp\/v2\/posts"}],"about":[{"href":"https:\/\/eldiariodesanpedro.com.ar\/sitio\/wp-json\/wp\/v2\/types\/post"}],"author":[{"embeddable":true,"href":"https:\/\/eldiariodesanpedro.com.ar\/sitio\/wp-json\/wp\/v2\/users\/4"}],"replies":[{"embeddable":true,"href":"https:\/\/eldiariodesanpedro.com.ar\/sitio\/wp-json\/wp\/v2\/comments?post=43079"}],"version-history":[{"count":1,"href":"https:\/\/eldiariodesanpedro.com.ar\/sitio\/wp-json\/wp\/v2\/posts\/43079\/revisions"}],"predecessor-version":[{"id":43083,"href":"https:\/\/eldiariodesanpedro.com.ar\/sitio\/wp-json\/wp\/v2\/posts\/43079\/revisions\/43083"}],"wp:featuredmedia":[{"embeddable":true,"href":"https:\/\/eldiariodesanpedro.com.ar\/sitio\/wp-json\/wp\/v2\/media\/43082"}],"wp:attachment":[{"href":"https:\/\/eldiariodesanpedro.com.ar\/sitio\/wp-json\/wp\/v2\/media?parent=43079"}],"wp:term":[{"taxonomy":"category","embeddable":true,"href":"https:\/\/eldiariodesanpedro.com.ar\/sitio\/wp-json\/wp\/v2\/categories?post=43079"},{"taxonomy":"post_tag","embeddable":true,"href":"https:\/\/eldiariodesanpedro.com.ar\/sitio\/wp-json\/wp\/v2\/tags?post=43079"}],"curies":[{"name":"wp","href":"https:\/\/api.w.org\/{rel}","templated":true}]}}