{"id":43076,"date":"2018-11-06T09:12:46","date_gmt":"2018-11-06T12:12:46","guid":{"rendered":"https:\/\/eldiariodesanpedro.com.ar\/sitio\/?p=43076"},"modified":"2018-11-06T09:12:46","modified_gmt":"2018-11-06T12:12:46","slug":"san-nicolas-un-muerto-en-un-accidente-ferroviario","status":"publish","type":"post","link":"https:\/\/eldiariodesanpedro.com.ar\/sitio\/san-nicolas-un-muerto-en-un-accidente-ferroviario\/","title":{"rendered":"SAN NICOLAS: Un muerto en un accidente ferroviario"},"content":{"rendered":"<p><!-- VideographyWP Plugin Message: Automatic video embedding prevented by plugin options. --><br \/>\nOcurri\u00f3 por la noche del lunes, cerca de las 23hs, por causas que se est\u00e1n investigando, un tren de pasajeros que circulaba por el ramal Buenos Aires &#8211; Rosario embisti\u00f3 a un cuatriciclo con dos personas a bordo.<\/p>\n<p>Este triste siniestro  se produjo en el cruce con calle Hernandarias; una de las personas que montaba el cuatriciclo muri\u00f3 en el acto, se trata de un joven de 18 a\u00f1os de edad de apellido Fringes, su acompa\u00f1ante fue trasladado al Hospital San Felipe.<\/p>\n<p>Queda a investigaci\u00f3n la Fiscal\u00eda a cargo junto con personal cient\u00edfica<\/p>\n","protected":false},"excerpt":{"rendered":"<p>Ocurri\u00f3 por la noche del lunes, cerca de las 23hs, por causas que se est\u00e1n investigando, un tren de pasajeros que circulaba por el ramal Buenos Aires &#8211; Rosario embisti\u00f3 a un cuatriciclo con dos personas a bordo. Este triste siniestro se produjo en el cruce con calle Hernandarias; una de las personas que montaba [&hellip;]<\/p>\n","protected":false},"author":4,"featured_media":43077,"comment_status":"open","ping_status":"closed","sticky":false,"template":"","format":"standard","meta":{"om_disable_all_campaigns":false,"_jetpack_memberships_contains_paid_content":false,"footnotes":""},"categories":[621],"tags":[],"class_list":["post-43076","post","type-post","status-publish","format-standard","has-post-thumbnail","hentry","category-regionales"],"aioseo_notices":[],"gutentor_comment":0,"jetpack_featured_media_url":"https:\/\/eldiariodesanpedro.com.ar\/sitio\/wp-content\/uploads\/2018\/11\/TREN.jpg","jetpack_shortlink":"https:\/\/wp.me\/p6RhLt-bcM","jetpack_sharing_enabled":true,"_links":{"self":[{"href":"https:\/\/eldiariodesanpedro.com.ar\/sitio\/wp-json\/wp\/v2\/posts\/43076","targetHints":{"allow":["GET"]}}],"collection":[{"href":"https:\/\/eldiariodesanpedro.com.ar\/sitio\/wp-json\/wp\/v2\/posts"}],"about":[{"href":"https:\/\/eldiariodesanpedro.com.ar\/sitio\/wp-json\/wp\/v2\/types\/post"}],"author":[{"embeddable":true,"href":"https:\/\/eldiariodesanpedro.com.ar\/sitio\/wp-json\/wp\/v2\/users\/4"}],"replies":[{"embeddable":true,"href":"https:\/\/eldiariodesanpedro.com.ar\/sitio\/wp-json\/wp\/v2\/comments?post=43076"}],"version-history":[{"count":1,"href":"https:\/\/eldiariodesanpedro.com.ar\/sitio\/wp-json\/wp\/v2\/posts\/43076\/revisions"}],"predecessor-version":[{"id":43078,"href":"https:\/\/eldiariodesanpedro.com.ar\/sitio\/wp-json\/wp\/v2\/posts\/43076\/revisions\/43078"}],"wp:featuredmedia":[{"embeddable":true,"href":"https:\/\/eldiariodesanpedro.com.ar\/sitio\/wp-json\/wp\/v2\/media\/43077"}],"wp:attachment":[{"href":"https:\/\/eldiariodesanpedro.com.ar\/sitio\/wp-json\/wp\/v2\/media?parent=43076"}],"wp:term":[{"taxonomy":"category","embeddable":true,"href":"https:\/\/eldiariodesanpedro.com.ar\/sitio\/wp-json\/wp\/v2\/categories?post=43076"},{"taxonomy":"post_tag","embeddable":true,"href":"https:\/\/eldiariodesanpedro.com.ar\/sitio\/wp-json\/wp\/v2\/tags?post=43076"}],"curies":[{"name":"wp","href":"https:\/\/api.w.org\/{rel}","templated":true}]}}