{"id":43073,"date":"2018-11-06T08:56:31","date_gmt":"2018-11-06T11:56:31","guid":{"rendered":"https:\/\/eldiariodesanpedro.com.ar\/sitio\/?p=43073"},"modified":"2018-11-06T08:56:31","modified_gmt":"2018-11-06T11:56:31","slug":"baradero-robaron-un-camion-y-lo-abandonaron-en-la-tortuga","status":"publish","type":"post","link":"https:\/\/eldiariodesanpedro.com.ar\/sitio\/baradero-robaron-un-camion-y-lo-abandonaron-en-la-tortuga\/","title":{"rendered":"BARADERO: Robaron un cami\u00f3n y lo abandonaron en \u201cLa Tortuga\u201d"},"content":{"rendered":"<p><!-- VideographyWP Plugin Message: Automatic video embedding prevented by plugin options. --><br \/>\nEl episodio se registr\u00f3 el domingo por la noche, sobre el km 127 de Ruta 9. El veh\u00edculo fue abandonado en un camino vecinal tras quedar encajado y abandonado por los delincuentes. Investigan un caso de pirater\u00eda del asfalto.<\/p>\n<p>El subcomisario Mario M\u00e9ndez inform\u00f3 que personal de Polic\u00eda Vial de Alsina tom\u00f3 conocimiento anoche sobre un hecho ocurrido en Ruta 9.<\/p>\n<p>Fue en el km 127 y el rodado apareci\u00f3 abandonado en un camino vecinal del paraje \u201cLa Tortuga\u201d.<\/p>\n<p>Estaba abandonado y encajado. El cami\u00f3n estaba vac\u00edo.<\/p>\n<p>Extraoficialmente se conoci\u00f3 que \u201cdos sujetos se le habr\u00edan acercado y lo habr\u00edan amenazado con un arma blanca\u201d. Los delincuentes estar\u00edan vestidos de paisanos.<\/p>\n<p>Fuente: Tu Linea Directa  <\/p>\n","protected":false},"excerpt":{"rendered":"<p>El episodio se registr\u00f3 el domingo por la noche, sobre el km 127 de Ruta 9. El veh\u00edculo fue abandonado en un camino vecinal tras quedar encajado y abandonado por los delincuentes. Investigan un caso de pirater\u00eda del asfalto. El subcomisario Mario M\u00e9ndez inform\u00f3 que personal de Polic\u00eda Vial de Alsina tom\u00f3 conocimiento anoche sobre [&hellip;]<\/p>\n","protected":false},"author":4,"featured_media":43074,"comment_status":"open","ping_status":"closed","sticky":false,"template":"","format":"standard","meta":{"om_disable_all_campaigns":false,"_jetpack_memberships_contains_paid_content":false,"footnotes":""},"categories":[621],"tags":[],"class_list":["post-43073","post","type-post","status-publish","format-standard","has-post-thumbnail","hentry","category-regionales"],"aioseo_notices":[],"gutentor_comment":0,"jetpack_featured_media_url":"https:\/\/eldiariodesanpedro.com.ar\/sitio\/wp-content\/uploads\/2018\/11\/ruta9-transito-04-640x480.jpg","jetpack_shortlink":"https:\/\/wp.me\/p6RhLt-bcJ","jetpack_sharing_enabled":true,"_links":{"self":[{"href":"https:\/\/eldiariodesanpedro.com.ar\/sitio\/wp-json\/wp\/v2\/posts\/43073","targetHints":{"allow":["GET"]}}],"collection":[{"href":"https:\/\/eldiariodesanpedro.com.ar\/sitio\/wp-json\/wp\/v2\/posts"}],"about":[{"href":"https:\/\/eldiariodesanpedro.com.ar\/sitio\/wp-json\/wp\/v2\/types\/post"}],"author":[{"embeddable":true,"href":"https:\/\/eldiariodesanpedro.com.ar\/sitio\/wp-json\/wp\/v2\/users\/4"}],"replies":[{"embeddable":true,"href":"https:\/\/eldiariodesanpedro.com.ar\/sitio\/wp-json\/wp\/v2\/comments?post=43073"}],"version-history":[{"count":1,"href":"https:\/\/eldiariodesanpedro.com.ar\/sitio\/wp-json\/wp\/v2\/posts\/43073\/revisions"}],"predecessor-version":[{"id":43075,"href":"https:\/\/eldiariodesanpedro.com.ar\/sitio\/wp-json\/wp\/v2\/posts\/43073\/revisions\/43075"}],"wp:featuredmedia":[{"embeddable":true,"href":"https:\/\/eldiariodesanpedro.com.ar\/sitio\/wp-json\/wp\/v2\/media\/43074"}],"wp:attachment":[{"href":"https:\/\/eldiariodesanpedro.com.ar\/sitio\/wp-json\/wp\/v2\/media?parent=43073"}],"wp:term":[{"taxonomy":"category","embeddable":true,"href":"https:\/\/eldiariodesanpedro.com.ar\/sitio\/wp-json\/wp\/v2\/categories?post=43073"},{"taxonomy":"post_tag","embeddable":true,"href":"https:\/\/eldiariodesanpedro.com.ar\/sitio\/wp-json\/wp\/v2\/tags?post=43073"}],"curies":[{"name":"wp","href":"https:\/\/api.w.org\/{rel}","templated":true}]}}