{"id":43069,"date":"2018-11-06T08:51:07","date_gmt":"2018-11-06T11:51:07","guid":{"rendered":"https:\/\/eldiariodesanpedro.com.ar\/sitio\/?p=43069"},"modified":"2018-11-06T08:51:58","modified_gmt":"2018-11-06T11:51:58","slug":"baradero-encontraron-una-camioneta-volcada","status":"publish","type":"post","link":"https:\/\/eldiariodesanpedro.com.ar\/sitio\/baradero-encontraron-una-camioneta-volcada\/","title":{"rendered":"BARADERO: Encontraron una camioneta volcada"},"content":{"rendered":"<p><!-- VideographyWP Plugin Message: Automatic video embedding prevented by plugin options. --><br \/>\nEl veh\u00edculo habr\u00eda volcado cuando se dirig\u00eda a la localidad de Portela. Fue espec\u00edficamente en un camino interno cercano a la Ruta 41. Se trata de una camioneta 4\u00d74 que para sorpresa de los vecinos que circulaban por el lugar ten\u00eda claro los signos del incidente.<\/p>\n<p>La Polic\u00eda tom\u00f3 conocimiento de lo ocurrido y se hizo presente en el lugar.<\/p>\n<p>Estiman que las condiciones del camino y la velocidad habr\u00edan provocado el vuelco del rodado. Pero no se registraron heridos.<\/p>\n<p>Fuente: Tu L\u00ednea Directa<\/p>\n","protected":false},"excerpt":{"rendered":"<p>El veh\u00edculo habr\u00eda volcado cuando se dirig\u00eda a la localidad de Portela. Fue espec\u00edficamente en un camino interno cercano a la Ruta 41. Se trata de una camioneta 4\u00d74 que para sorpresa de los vecinos que circulaban por el lugar ten\u00eda claro los signos del incidente. La Polic\u00eda tom\u00f3 conocimiento de lo ocurrido y se [&hellip;]<\/p>\n","protected":false},"author":4,"featured_media":43070,"comment_status":"open","ping_status":"closed","sticky":false,"template":"","format":"standard","meta":{"om_disable_all_campaigns":false,"_jetpack_memberships_contains_paid_content":false,"footnotes":""},"categories":[621],"tags":[],"class_list":["post-43069","post","type-post","status-publish","format-standard","has-post-thumbnail","hentry","category-regionales"],"aioseo_notices":[],"gutentor_comment":0,"jetpack_featured_media_url":"https:\/\/eldiariodesanpedro.com.ar\/sitio\/wp-content\/uploads\/2018\/11\/camioneta-1.jpg","jetpack_shortlink":"https:\/\/wp.me\/p6RhLt-bcF","jetpack_sharing_enabled":true,"_links":{"self":[{"href":"https:\/\/eldiariodesanpedro.com.ar\/sitio\/wp-json\/wp\/v2\/posts\/43069","targetHints":{"allow":["GET"]}}],"collection":[{"href":"https:\/\/eldiariodesanpedro.com.ar\/sitio\/wp-json\/wp\/v2\/posts"}],"about":[{"href":"https:\/\/eldiariodesanpedro.com.ar\/sitio\/wp-json\/wp\/v2\/types\/post"}],"author":[{"embeddable":true,"href":"https:\/\/eldiariodesanpedro.com.ar\/sitio\/wp-json\/wp\/v2\/users\/4"}],"replies":[{"embeddable":true,"href":"https:\/\/eldiariodesanpedro.com.ar\/sitio\/wp-json\/wp\/v2\/comments?post=43069"}],"version-history":[{"count":2,"href":"https:\/\/eldiariodesanpedro.com.ar\/sitio\/wp-json\/wp\/v2\/posts\/43069\/revisions"}],"predecessor-version":[{"id":43072,"href":"https:\/\/eldiariodesanpedro.com.ar\/sitio\/wp-json\/wp\/v2\/posts\/43069\/revisions\/43072"}],"wp:featuredmedia":[{"embeddable":true,"href":"https:\/\/eldiariodesanpedro.com.ar\/sitio\/wp-json\/wp\/v2\/media\/43070"}],"wp:attachment":[{"href":"https:\/\/eldiariodesanpedro.com.ar\/sitio\/wp-json\/wp\/v2\/media?parent=43069"}],"wp:term":[{"taxonomy":"category","embeddable":true,"href":"https:\/\/eldiariodesanpedro.com.ar\/sitio\/wp-json\/wp\/v2\/categories?post=43069"},{"taxonomy":"post_tag","embeddable":true,"href":"https:\/\/eldiariodesanpedro.com.ar\/sitio\/wp-json\/wp\/v2\/tags?post=43069"}],"curies":[{"name":"wp","href":"https:\/\/api.w.org\/{rel}","templated":true}]}}