{"id":43058,"date":"2018-11-05T21:18:21","date_gmt":"2018-11-06T00:18:21","guid":{"rendered":"https:\/\/eldiariodesanpedro.com.ar\/sitio\/?p=43058"},"modified":"2018-11-05T21:18:21","modified_gmt":"2018-11-06T00:18:21","slug":"baradero-ate-baradero-de-paro-activo-y-a-la-espera-de-una-reunion-con-el-ejecutivo","status":"publish","type":"post","link":"https:\/\/eldiariodesanpedro.com.ar\/sitio\/baradero-ate-baradero-de-paro-activo-y-a-la-espera-de-una-reunion-con-el-ejecutivo\/","title":{"rendered":"BARADERO ATE: Baradero de paro activo y a la espera de una reuni\u00f3n con el ejecutivo"},"content":{"rendered":"<p><!-- VideographyWP Plugin Message: Automatic video embedding prevented by plugin options. --><br \/>\n  Los trabajadores nucleados en el sindicato estatal decidieron en asamblea adherirse al paro que ATE lleva adelante a nivel provincial.<\/p>\n<p>  Esta ma\u00f1ana Miguel Mossi, Secretario General en Baradero, confirm\u00f3 por Tu Radio que \u201cen el municipio local los trabajadores est\u00e1n realizando un paro activo\u201d.<\/p>\n<p>  Se resolvi\u00f3 acatar la medida tras una asamblea que se celebr\u00f3 temprano en el Parque del Este.<\/p>\n<p>Mossi dijo que \u201cadem\u00e1s esperan una respuesta por parte del departamento ejecutivo en virtud de la negociaci\u00f3n paritaria\u201d.<\/p>\n<p>  Expres\u00f3 que \u201cdurante la ma\u00f1ana mantendr\u00edan una reuni\u00f3n con la intendente Antonijevic\u201d.<\/p>\n<p>Fuente: Tu L\u00ednea Directa<\/p>\n","protected":false},"excerpt":{"rendered":"<p>Los trabajadores nucleados en el sindicato estatal decidieron en asamblea adherirse al paro que ATE lleva adelante a nivel provincial. Esta ma\u00f1ana Miguel Mossi, Secretario General en Baradero, confirm\u00f3 por Tu Radio que \u201cen el municipio local los trabajadores est\u00e1n realizando un paro activo\u201d. Se resolvi\u00f3 acatar la medida tras una asamblea que se celebr\u00f3 [&hellip;]<\/p>\n","protected":false},"author":4,"featured_media":43060,"comment_status":"open","ping_status":"closed","sticky":false,"template":"","format":"standard","meta":{"om_disable_all_campaigns":false,"_jetpack_memberships_contains_paid_content":false,"footnotes":""},"categories":[621],"tags":[],"class_list":["post-43058","post","type-post","status-publish","format-standard","has-post-thumbnail","hentry","category-regionales"],"aioseo_notices":[],"gutentor_comment":0,"jetpack_featured_media_url":"https:\/\/eldiariodesanpedro.com.ar\/sitio\/wp-content\/uploads\/2018\/11\/ate-baradero.jpg","jetpack_shortlink":"https:\/\/wp.me\/p6RhLt-bcu","jetpack_sharing_enabled":true,"_links":{"self":[{"href":"https:\/\/eldiariodesanpedro.com.ar\/sitio\/wp-json\/wp\/v2\/posts\/43058","targetHints":{"allow":["GET"]}}],"collection":[{"href":"https:\/\/eldiariodesanpedro.com.ar\/sitio\/wp-json\/wp\/v2\/posts"}],"about":[{"href":"https:\/\/eldiariodesanpedro.com.ar\/sitio\/wp-json\/wp\/v2\/types\/post"}],"author":[{"embeddable":true,"href":"https:\/\/eldiariodesanpedro.com.ar\/sitio\/wp-json\/wp\/v2\/users\/4"}],"replies":[{"embeddable":true,"href":"https:\/\/eldiariodesanpedro.com.ar\/sitio\/wp-json\/wp\/v2\/comments?post=43058"}],"version-history":[{"count":1,"href":"https:\/\/eldiariodesanpedro.com.ar\/sitio\/wp-json\/wp\/v2\/posts\/43058\/revisions"}],"predecessor-version":[{"id":43062,"href":"https:\/\/eldiariodesanpedro.com.ar\/sitio\/wp-json\/wp\/v2\/posts\/43058\/revisions\/43062"}],"wp:featuredmedia":[{"embeddable":true,"href":"https:\/\/eldiariodesanpedro.com.ar\/sitio\/wp-json\/wp\/v2\/media\/43060"}],"wp:attachment":[{"href":"https:\/\/eldiariodesanpedro.com.ar\/sitio\/wp-json\/wp\/v2\/media?parent=43058"}],"wp:term":[{"taxonomy":"category","embeddable":true,"href":"https:\/\/eldiariodesanpedro.com.ar\/sitio\/wp-json\/wp\/v2\/categories?post=43058"},{"taxonomy":"post_tag","embeddable":true,"href":"https:\/\/eldiariodesanpedro.com.ar\/sitio\/wp-json\/wp\/v2\/tags?post=43058"}],"curies":[{"name":"wp","href":"https:\/\/api.w.org\/{rel}","templated":true}]}}