{"id":43053,"date":"2018-11-05T21:13:27","date_gmt":"2018-11-06T00:13:27","guid":{"rendered":"https:\/\/eldiariodesanpedro.com.ar\/sitio\/?p=43053"},"modified":"2018-11-05T21:13:27","modified_gmt":"2018-11-06T00:13:27","slug":"baradero-ricardo-darin-filma-a-sacheri-en-baradero","status":"publish","type":"post","link":"https:\/\/eldiariodesanpedro.com.ar\/sitio\/baradero-ricardo-darin-filma-a-sacheri-en-baradero\/","title":{"rendered":"BARADERO: Ricardo Dar\u00edn filma a Sacheri en Baradero"},"content":{"rendered":"<p><!-- VideographyWP Plugin Message: Automatic video embedding prevented by plugin options. --><br \/>\nSebasti\u00e1n Borensztein est\u00e1 llevando al cine la adaptaci\u00f3n de La noche de la usina, novela de Eduardo Sacheri , protagonizada por Ricardo y Chino Dar\u00edn, cuya filmaci\u00f3n se est\u00e1 realizando en escenarios baraderenses. Kenya Films, la flamante productora del popular actor, adquiri\u00f3 los derechos del libro de Sacheri para su transposici\u00f3n a cine.<\/p>\n<p>  Esta no es la primera novela que Dar\u00edn filma de la literatura de Eduardo Sacheri. Todos recordamos el film \u201cEl secreto de sus ojos\u201d. El mismo est\u00e1 basado en la novela \u201cLa pregunta de sus ojos\u201d de Eduardo Sacheri.<br \/>\n  \u201cLa noche de la usina\u201c (Premio Alfaguara de novela 2016) trata sobre un grupo de ciudadanos que decide tomar la iniciativa y rebelarse para defender lo que es suyo. El universo de la historia se centra en un pueblo perdido de la provincia de Buenos Aires, donde muchas cosas est\u00e1n a punto de extinguirse. Durante la crisis econ\u00f3mica de 2001, que desemboc\u00f3 en el corralito bancario, un grupo de vecinos se propone reunir el dinero necesario para llevar a cabo un proyecto que podr\u00eda ser una salida de la pobreza.<\/p>\n<p>  El corralito, les deja sin recursos para montar su cooperativa, y el desfondamiento los acerca a la desesperaci\u00f3n. Entre todos urden un habilidoso plan para recobrar el dinero, con \u00e1nimo m\u00e1s de justicia que de revancha, sin olvidar que, de tener \u00e9xito, el quebranto econ\u00f3mico del estafador tambi\u00e9n es una recompensa. Con esta historia, Sacheri habla de la revancha de los perdedores, consumada en una noche legendaria y secreta.<br \/>\n  Ricardo y Chino Dar\u00edn solo hab\u00edan compartido pantalla en Fuera de juego (2011) de David Marqu\u00e9s, donde el actor de El Secreto de sus Ojos hac\u00eda una participaci\u00f3n especial en la pel\u00edcula que marcaba el debut actoral de su hijo.<br \/>\nUn dato m\u00e1s que importante para conocer sobre este film en el cual los baraderenses todos, somos un poco protagonistas.<\/p>\n<p>Fuente: Baradero Te Informa<\/p>\n","protected":false},"excerpt":{"rendered":"<p>Sebasti\u00e1n Borensztein est\u00e1 llevando al cine la adaptaci\u00f3n de La noche de la usina, novela de Eduardo Sacheri , protagonizada por Ricardo y Chino Dar\u00edn, cuya filmaci\u00f3n se est\u00e1 realizando en escenarios baraderenses. Kenya Films, la flamante productora del popular actor, adquiri\u00f3 los derechos del libro de Sacheri para su transposici\u00f3n a cine. Esta no [&hellip;]<\/p>\n","protected":false},"author":4,"featured_media":43054,"comment_status":"open","ping_status":"closed","sticky":false,"template":"","format":"standard","meta":{"om_disable_all_campaigns":false,"_jetpack_memberships_contains_paid_content":false,"footnotes":""},"categories":[621],"tags":[],"class_list":["post-43053","post","type-post","status-publish","format-standard","has-post-thumbnail","hentry","category-regionales"],"aioseo_notices":[],"gutentor_comment":0,"jetpack_featured_media_url":"https:\/\/eldiariodesanpedro.com.ar\/sitio\/wp-content\/uploads\/2018\/11\/PAGINA-7-2.jpg","jetpack_shortlink":"https:\/\/wp.me\/p6RhLt-bcp","jetpack_sharing_enabled":true,"_links":{"self":[{"href":"https:\/\/eldiariodesanpedro.com.ar\/sitio\/wp-json\/wp\/v2\/posts\/43053","targetHints":{"allow":["GET"]}}],"collection":[{"href":"https:\/\/eldiariodesanpedro.com.ar\/sitio\/wp-json\/wp\/v2\/posts"}],"about":[{"href":"https:\/\/eldiariodesanpedro.com.ar\/sitio\/wp-json\/wp\/v2\/types\/post"}],"author":[{"embeddable":true,"href":"https:\/\/eldiariodesanpedro.com.ar\/sitio\/wp-json\/wp\/v2\/users\/4"}],"replies":[{"embeddable":true,"href":"https:\/\/eldiariodesanpedro.com.ar\/sitio\/wp-json\/wp\/v2\/comments?post=43053"}],"version-history":[{"count":1,"href":"https:\/\/eldiariodesanpedro.com.ar\/sitio\/wp-json\/wp\/v2\/posts\/43053\/revisions"}],"predecessor-version":[{"id":43057,"href":"https:\/\/eldiariodesanpedro.com.ar\/sitio\/wp-json\/wp\/v2\/posts\/43053\/revisions\/43057"}],"wp:featuredmedia":[{"embeddable":true,"href":"https:\/\/eldiariodesanpedro.com.ar\/sitio\/wp-json\/wp\/v2\/media\/43054"}],"wp:attachment":[{"href":"https:\/\/eldiariodesanpedro.com.ar\/sitio\/wp-json\/wp\/v2\/media?parent=43053"}],"wp:term":[{"taxonomy":"category","embeddable":true,"href":"https:\/\/eldiariodesanpedro.com.ar\/sitio\/wp-json\/wp\/v2\/categories?post=43053"},{"taxonomy":"post_tag","embeddable":true,"href":"https:\/\/eldiariodesanpedro.com.ar\/sitio\/wp-json\/wp\/v2\/tags?post=43053"}],"curies":[{"name":"wp","href":"https:\/\/api.w.org\/{rel}","templated":true}]}}