{"id":43050,"date":"2018-11-05T21:13:04","date_gmt":"2018-11-06T00:13:04","guid":{"rendered":"https:\/\/eldiariodesanpedro.com.ar\/sitio\/?p=43050"},"modified":"2018-11-05T21:13:04","modified_gmt":"2018-11-06T00:13:04","slug":"campana-denuncian-a-una-familia-por-privacion-ilegitima-de-la-libertad-a-una-joven","status":"publish","type":"post","link":"https:\/\/eldiariodesanpedro.com.ar\/sitio\/campana-denuncian-a-una-familia-por-privacion-ilegitima-de-la-libertad-a-una-joven\/","title":{"rendered":"CAMPANA: Denuncian a una familia por privaci\u00f3n ileg\u00edtima de la libertad a una joven"},"content":{"rendered":"<p><!-- VideographyWP Plugin Message: Automatic video embedding prevented by plugin options. --><br \/>\nHabr\u00eda sido llevada por la fuerza de la v\u00eda p\u00fablica, entre su novio y los padres de \u00e9ste. El hecho ocurri\u00f3 en inmediaciones de las calles Cordero y Pedroza, y fue denunciado a la Polic\u00eda por la madre de la menor. Tras dos d\u00edas de b\u00fasqueda, fue hallada en Gar\u00edn.<br \/>\nEn un altercado callejero la joven habr\u00eda sido obligada a subir a una camioneta.<\/p>\n<p>  D\u00edas pasados, una mujer denunci\u00f3 el secuestro de su hija en la v\u00eda p\u00fablica, por parte del novio de \u00e9sta y sus padres, en un hecho que es investigado por la Justicia.<br \/>\n  Todo habr\u00eda acontecido en la esquina de Cordero y Pedroza, en el B\u00b0 Otamendi, donde la v\u00edctima caminaba junto a una amiga, cerca de las 21 horas. All\u00ed fueron interceptadas por el novio de la joven en cuesti\u00f3n, quien estaba acompa\u00f1ado por sus padres. Incluso, y seg\u00fan consta en la denuncia policial, la madre del chico le habr\u00eda propinado un golpe de pu\u00f1o a Carla, amiga de Karim, quien habr\u00eda sido ingresada a un veh\u00edculo por la fuerza.<br \/>\n  Radicada la denuncia en sede policial, se inici\u00f3 una b\u00fasqueda que incluy\u00f3 al personal de Comisar\u00eda, DDI Z\u00e1rate Campana, Radio estaci\u00f3n y Polic\u00eda Cient\u00edfica. Junto a la madre de la joven desaparecida se recorri\u00f3 la zona c\u00e9ntrica, barrios aleda\u00f1os, el hospital, plazas principales, y la estaci\u00f3n de trenes, sin resultados positivos. Tambi\u00e9n se notific\u00f3 a la asociaci\u00f3n civil K9 de B\u00fasqueda y Rescate Canino, para iniciar un relevamiento en el lugar de los hechos.<br \/>\n  Sin embargo, la joven habr\u00eda sido hallada finalmente en Gar\u00edn, en casa de su padre. Desconoci\u00e9ndose los motivos por los cuales la joven termin\u00f3 en dicha localidad, los detalles de su presunto secuestro a\u00fan son materia de investigaci\u00f3n judicial.<\/p>\n<p>Fuente: Campana Noticias<\/p>\n","protected":false},"excerpt":{"rendered":"<p>Habr\u00eda sido llevada por la fuerza de la v\u00eda p\u00fablica, entre su novio y los padres de \u00e9ste. El hecho ocurri\u00f3 en inmediaciones de las calles Cordero y Pedroza, y fue denunciado a la Polic\u00eda por la madre de la menor. Tras dos d\u00edas de b\u00fasqueda, fue hallada en Gar\u00edn. En un altercado callejero la [&hellip;]<\/p>\n","protected":false},"author":4,"featured_media":43052,"comment_status":"open","ping_status":"closed","sticky":false,"template":"","format":"standard","meta":{"om_disable_all_campaigns":false,"_jetpack_memberships_contains_paid_content":false,"footnotes":""},"categories":[621],"tags":[],"class_list":["post-43050","post","type-post","status-publish","format-standard","has-post-thumbnail","hentry","category-regionales"],"aioseo_notices":[],"gutentor_comment":0,"jetpack_featured_media_url":"https:\/\/eldiariodesanpedro.com.ar\/sitio\/wp-content\/uploads\/2018\/11\/ataque.jpg","jetpack_shortlink":"https:\/\/wp.me\/p6RhLt-bcm","jetpack_sharing_enabled":true,"_links":{"self":[{"href":"https:\/\/eldiariodesanpedro.com.ar\/sitio\/wp-json\/wp\/v2\/posts\/43050","targetHints":{"allow":["GET"]}}],"collection":[{"href":"https:\/\/eldiariodesanpedro.com.ar\/sitio\/wp-json\/wp\/v2\/posts"}],"about":[{"href":"https:\/\/eldiariodesanpedro.com.ar\/sitio\/wp-json\/wp\/v2\/types\/post"}],"author":[{"embeddable":true,"href":"https:\/\/eldiariodesanpedro.com.ar\/sitio\/wp-json\/wp\/v2\/users\/4"}],"replies":[{"embeddable":true,"href":"https:\/\/eldiariodesanpedro.com.ar\/sitio\/wp-json\/wp\/v2\/comments?post=43050"}],"version-history":[{"count":1,"href":"https:\/\/eldiariodesanpedro.com.ar\/sitio\/wp-json\/wp\/v2\/posts\/43050\/revisions"}],"predecessor-version":[{"id":43056,"href":"https:\/\/eldiariodesanpedro.com.ar\/sitio\/wp-json\/wp\/v2\/posts\/43050\/revisions\/43056"}],"wp:featuredmedia":[{"embeddable":true,"href":"https:\/\/eldiariodesanpedro.com.ar\/sitio\/wp-json\/wp\/v2\/media\/43052"}],"wp:attachment":[{"href":"https:\/\/eldiariodesanpedro.com.ar\/sitio\/wp-json\/wp\/v2\/media?parent=43050"}],"wp:term":[{"taxonomy":"category","embeddable":true,"href":"https:\/\/eldiariodesanpedro.com.ar\/sitio\/wp-json\/wp\/v2\/categories?post=43050"},{"taxonomy":"post_tag","embeddable":true,"href":"https:\/\/eldiariodesanpedro.com.ar\/sitio\/wp-json\/wp\/v2\/tags?post=43050"}],"curies":[{"name":"wp","href":"https:\/\/api.w.org\/{rel}","templated":true}]}}