{"id":43047,"date":"2018-11-05T21:09:53","date_gmt":"2018-11-06T00:09:53","guid":{"rendered":"https:\/\/eldiariodesanpedro.com.ar\/sitio\/?p=43047"},"modified":"2018-11-05T21:09:53","modified_gmt":"2018-11-06T00:09:53","slug":"baradero-maria-emilia-do-campo-asumio-oficialmente-el-cargo","status":"publish","type":"post","link":"https:\/\/eldiariodesanpedro.com.ar\/sitio\/baradero-maria-emilia-do-campo-asumio-oficialmente-el-cargo\/","title":{"rendered":"BARADERO: Mar\u00eda Emilia Do Campo asumi\u00f3 oficialmente el cargo"},"content":{"rendered":"<p><!-- VideographyWP Plugin Message: Automatic video embedding prevented by plugin options. --><br \/>\nA partir de este lunes, la joven Licencia en Turismo de 26 a\u00f1os de edad se hizo cargo de la direcci\u00f3n de turismo de nuestra municipalidad.<\/p>\n<p>  Mar\u00eda Emilia ya estaba realizando tareas relacionadas al \u00e1rea, pero oficialmente inicia desde este mes como directora.<br \/>\n  \u201cTengo muchas ganas de incorporar el turismo y la importancia de esta industria en las escuelas. Que los chicos conozcan el lugar en donde viven, tomen dimensi\u00f3n del potencial tur\u00edstico e hist\u00f3rico que tiene y as\u00ed crear \u201cCONCIENCIA TUR\u00cdSTICA\u201d.<br \/>\n  Creo que es un cambio cultural muy grande y que sin dudas va a llevar tiempo. Pero siempre hay un d\u00eda para empezar\u201d dijo la licenciada Do campo cuando dialog\u00f3 con BTI una vez conocida su designaci\u00f3n.<br \/>\n  Desde BTI deseamos para Mar\u00eda Emilia Do Campo el mayor de los \u00e9xitos en su gesti\u00f3n.<\/p>\n<p>Fuente: Baradero Te Informa<\/p>\n","protected":false},"excerpt":{"rendered":"<p>A partir de este lunes, la joven Licencia en Turismo de 26 a\u00f1os de edad se hizo cargo de la direcci\u00f3n de turismo de nuestra municipalidad. Mar\u00eda Emilia ya estaba realizando tareas relacionadas al \u00e1rea, pero oficialmente inicia desde este mes como directora. \u201cTengo muchas ganas de incorporar el turismo y la importancia de esta [&hellip;]<\/p>\n","protected":false},"author":4,"featured_media":43049,"comment_status":"open","ping_status":"closed","sticky":false,"template":"","format":"standard","meta":{"om_disable_all_campaigns":false,"_jetpack_memberships_contains_paid_content":false,"footnotes":""},"categories":[621],"tags":[],"class_list":["post-43047","post","type-post","status-publish","format-standard","has-post-thumbnail","hentry","category-regionales"],"aioseo_notices":[],"gutentor_comment":0,"jetpack_featured_media_url":"https:\/\/eldiariodesanpedro.com.ar\/sitio\/wp-content\/uploads\/2018\/11\/Mar\u00eda-Emilia-Do-Campo.jpg","jetpack_shortlink":"https:\/\/wp.me\/p6RhLt-bcj","jetpack_sharing_enabled":true,"_links":{"self":[{"href":"https:\/\/eldiariodesanpedro.com.ar\/sitio\/wp-json\/wp\/v2\/posts\/43047","targetHints":{"allow":["GET"]}}],"collection":[{"href":"https:\/\/eldiariodesanpedro.com.ar\/sitio\/wp-json\/wp\/v2\/posts"}],"about":[{"href":"https:\/\/eldiariodesanpedro.com.ar\/sitio\/wp-json\/wp\/v2\/types\/post"}],"author":[{"embeddable":true,"href":"https:\/\/eldiariodesanpedro.com.ar\/sitio\/wp-json\/wp\/v2\/users\/4"}],"replies":[{"embeddable":true,"href":"https:\/\/eldiariodesanpedro.com.ar\/sitio\/wp-json\/wp\/v2\/comments?post=43047"}],"version-history":[{"count":1,"href":"https:\/\/eldiariodesanpedro.com.ar\/sitio\/wp-json\/wp\/v2\/posts\/43047\/revisions"}],"predecessor-version":[{"id":43051,"href":"https:\/\/eldiariodesanpedro.com.ar\/sitio\/wp-json\/wp\/v2\/posts\/43047\/revisions\/43051"}],"wp:featuredmedia":[{"embeddable":true,"href":"https:\/\/eldiariodesanpedro.com.ar\/sitio\/wp-json\/wp\/v2\/media\/43049"}],"wp:attachment":[{"href":"https:\/\/eldiariodesanpedro.com.ar\/sitio\/wp-json\/wp\/v2\/media?parent=43047"}],"wp:term":[{"taxonomy":"category","embeddable":true,"href":"https:\/\/eldiariodesanpedro.com.ar\/sitio\/wp-json\/wp\/v2\/categories?post=43047"},{"taxonomy":"post_tag","embeddable":true,"href":"https:\/\/eldiariodesanpedro.com.ar\/sitio\/wp-json\/wp\/v2\/tags?post=43047"}],"curies":[{"name":"wp","href":"https:\/\/api.w.org\/{rel}","templated":true}]}}