{"id":43044,"date":"2018-11-05T21:07:26","date_gmt":"2018-11-06T00:07:26","guid":{"rendered":"https:\/\/eldiariodesanpedro.com.ar\/sitio\/?p=43044"},"modified":"2018-11-05T21:07:26","modified_gmt":"2018-11-06T00:07:26","slug":"zarate-un-hombre-fue-detenido-tras-una-pelea-callejera","status":"publish","type":"post","link":"https:\/\/eldiariodesanpedro.com.ar\/sitio\/zarate-un-hombre-fue-detenido-tras-una-pelea-callejera\/","title":{"rendered":"Z\u00c1RATE: Un hombre fue detenido tras una pelea callejera"},"content":{"rendered":"<p><!-- VideographyWP Plugin Message: Automatic video embedding prevented by plugin options. --><br \/>\n  En las inmediaciones de Rawson, entre Rivadavia y Belgrano, una pelea callejera dio como resultado un detenido y un rev\u00f3lver calibre 22 secuestrado por la Polic\u00eda.<\/p>\n<p>  Seg\u00fan confirmaron fuentes policiales, alertaron a trav\u00e9s de las c\u00e1maras de seguridad que se encuentran en dicha intersecci\u00f3n la presencia de dos sujetos que estaban peleando. Luego de la intervenci\u00f3n de DPU, se detuvo a un hombre de 39 a\u00f1os que estaba armado y qued\u00f3 demorado por \u201cportaci\u00f3n ilegal de arma de fuego y amenaza agravada\u201d.<\/p>\n","protected":false},"excerpt":{"rendered":"<p>En las inmediaciones de Rawson, entre Rivadavia y Belgrano, una pelea callejera dio como resultado un detenido y un rev\u00f3lver calibre 22 secuestrado por la Polic\u00eda. Seg\u00fan confirmaron fuentes policiales, alertaron a trav\u00e9s de las c\u00e1maras de seguridad que se encuentran en dicha intersecci\u00f3n la presencia de dos sujetos que estaban peleando. Luego de la [&hellip;]<\/p>\n","protected":false},"author":4,"featured_media":43046,"comment_status":"open","ping_status":"closed","sticky":false,"template":"","format":"standard","meta":{"om_disable_all_campaigns":false,"_jetpack_memberships_contains_paid_content":false,"footnotes":""},"categories":[621],"tags":[],"class_list":["post-43044","post","type-post","status-publish","format-standard","has-post-thumbnail","hentry","category-regionales"],"aioseo_notices":[],"gutentor_comment":0,"jetpack_featured_media_url":"https:\/\/eldiariodesanpedro.com.ar\/sitio\/wp-content\/uploads\/2018\/11\/zarate-Un-hombre-fue-detenido-tras-una-pelea-callejera.jpg","jetpack_shortlink":"https:\/\/wp.me\/p6RhLt-bcg","jetpack_sharing_enabled":true,"_links":{"self":[{"href":"https:\/\/eldiariodesanpedro.com.ar\/sitio\/wp-json\/wp\/v2\/posts\/43044","targetHints":{"allow":["GET"]}}],"collection":[{"href":"https:\/\/eldiariodesanpedro.com.ar\/sitio\/wp-json\/wp\/v2\/posts"}],"about":[{"href":"https:\/\/eldiariodesanpedro.com.ar\/sitio\/wp-json\/wp\/v2\/types\/post"}],"author":[{"embeddable":true,"href":"https:\/\/eldiariodesanpedro.com.ar\/sitio\/wp-json\/wp\/v2\/users\/4"}],"replies":[{"embeddable":true,"href":"https:\/\/eldiariodesanpedro.com.ar\/sitio\/wp-json\/wp\/v2\/comments?post=43044"}],"version-history":[{"count":1,"href":"https:\/\/eldiariodesanpedro.com.ar\/sitio\/wp-json\/wp\/v2\/posts\/43044\/revisions"}],"predecessor-version":[{"id":43048,"href":"https:\/\/eldiariodesanpedro.com.ar\/sitio\/wp-json\/wp\/v2\/posts\/43044\/revisions\/43048"}],"wp:featuredmedia":[{"embeddable":true,"href":"https:\/\/eldiariodesanpedro.com.ar\/sitio\/wp-json\/wp\/v2\/media\/43046"}],"wp:attachment":[{"href":"https:\/\/eldiariodesanpedro.com.ar\/sitio\/wp-json\/wp\/v2\/media?parent=43044"}],"wp:term":[{"taxonomy":"category","embeddable":true,"href":"https:\/\/eldiariodesanpedro.com.ar\/sitio\/wp-json\/wp\/v2\/categories?post=43044"},{"taxonomy":"post_tag","embeddable":true,"href":"https:\/\/eldiariodesanpedro.com.ar\/sitio\/wp-json\/wp\/v2\/tags?post=43044"}],"curies":[{"name":"wp","href":"https:\/\/api.w.org\/{rel}","templated":true}]}}