{"id":43041,"date":"2018-11-05T21:03:19","date_gmt":"2018-11-06T00:03:19","guid":{"rendered":"https:\/\/eldiariodesanpedro.com.ar\/sitio\/?p=43041"},"modified":"2018-11-05T21:03:19","modified_gmt":"2018-11-06T00:03:19","slug":"zarate-robo-a-plena-luz-del-dia-en-farmacia-montoya","status":"publish","type":"post","link":"https:\/\/eldiariodesanpedro.com.ar\/sitio\/zarate-robo-a-plena-luz-del-dia-en-farmacia-montoya\/","title":{"rendered":"Z\u00c1RATE: Robo a plena luz del d\u00eda en Farmacia Montoya"},"content":{"rendered":"<p><!-- VideographyWP Plugin Message: Automatic video embedding prevented by plugin options. --><br \/>\nEn horas de la ma\u00f1ana de ayer, un hombre de aproximadamente 30 a\u00f1os ingres\u00f3 simulando ser un comprador y sigilosamente se llev\u00f3 el tel\u00e9fono celular de una de las empleadas del comercio ubicado en Av. Anta y Estrada.<br \/>\n  Luego de notar que el aparato hab\u00eda desaparecido, controlaron las c\u00e1maras de seguridad y vieron detenidamente como el sujeto se mete en el bolsillo las pertenencias de la mujer. Seg\u00fan detallaron, el sujeto se moviliza en un auto gris con portaequipajes negro.<br \/>\n  Ahora, buscan datos para que la Polic\u00eda logre detenerlo. Desde el lugar hicieron la denuncia correspondiente en la Comisar\u00eda 1ra de Z\u00e1rate y presentaron como prueba la filmaci\u00f3n.<\/p>\n<p>Fuente: Z\u00e1rate Alerta<\/p>\n","protected":false},"excerpt":{"rendered":"<p>En horas de la ma\u00f1ana de ayer, un hombre de aproximadamente 30 a\u00f1os ingres\u00f3 simulando ser un comprador y sigilosamente se llev\u00f3 el tel\u00e9fono celular de una de las empleadas del comercio ubicado en Av. Anta y Estrada. Luego de notar que el aparato hab\u00eda desaparecido, controlaron las c\u00e1maras de seguridad y vieron detenidamente como [&hellip;]<\/p>\n","protected":false},"author":4,"featured_media":43043,"comment_status":"open","ping_status":"closed","sticky":false,"template":"","format":"standard","meta":{"om_disable_all_campaigns":false,"_jetpack_memberships_contains_paid_content":false,"footnotes":""},"categories":[621],"tags":[],"class_list":["post-43041","post","type-post","status-publish","format-standard","has-post-thumbnail","hentry","category-regionales"],"aioseo_notices":[],"gutentor_comment":0,"jetpack_featured_media_url":"https:\/\/eldiariodesanpedro.com.ar\/sitio\/wp-content\/uploads\/2018\/11\/zarate-Robo-a-plena-luz-del-d\u00eda-en-Farmacia-Montoya.jpg","jetpack_shortlink":"https:\/\/wp.me\/p6RhLt-bcd","jetpack_sharing_enabled":true,"_links":{"self":[{"href":"https:\/\/eldiariodesanpedro.com.ar\/sitio\/wp-json\/wp\/v2\/posts\/43041","targetHints":{"allow":["GET"]}}],"collection":[{"href":"https:\/\/eldiariodesanpedro.com.ar\/sitio\/wp-json\/wp\/v2\/posts"}],"about":[{"href":"https:\/\/eldiariodesanpedro.com.ar\/sitio\/wp-json\/wp\/v2\/types\/post"}],"author":[{"embeddable":true,"href":"https:\/\/eldiariodesanpedro.com.ar\/sitio\/wp-json\/wp\/v2\/users\/4"}],"replies":[{"embeddable":true,"href":"https:\/\/eldiariodesanpedro.com.ar\/sitio\/wp-json\/wp\/v2\/comments?post=43041"}],"version-history":[{"count":1,"href":"https:\/\/eldiariodesanpedro.com.ar\/sitio\/wp-json\/wp\/v2\/posts\/43041\/revisions"}],"predecessor-version":[{"id":43045,"href":"https:\/\/eldiariodesanpedro.com.ar\/sitio\/wp-json\/wp\/v2\/posts\/43041\/revisions\/43045"}],"wp:featuredmedia":[{"embeddable":true,"href":"https:\/\/eldiariodesanpedro.com.ar\/sitio\/wp-json\/wp\/v2\/media\/43043"}],"wp:attachment":[{"href":"https:\/\/eldiariodesanpedro.com.ar\/sitio\/wp-json\/wp\/v2\/media?parent=43041"}],"wp:term":[{"taxonomy":"category","embeddable":true,"href":"https:\/\/eldiariodesanpedro.com.ar\/sitio\/wp-json\/wp\/v2\/categories?post=43041"},{"taxonomy":"post_tag","embeddable":true,"href":"https:\/\/eldiariodesanpedro.com.ar\/sitio\/wp-json\/wp\/v2\/tags?post=43041"}],"curies":[{"name":"wp","href":"https:\/\/api.w.org\/{rel}","templated":true}]}}