{"id":43037,"date":"2018-11-05T20:59:44","date_gmt":"2018-11-05T23:59:44","guid":{"rendered":"https:\/\/eldiariodesanpedro.com.ar\/sitio\/?p=43037"},"modified":"2018-11-05T20:59:44","modified_gmt":"2018-11-05T23:59:44","slug":"balearon-la-casa-de-los-padres-del-sindicalista-juan-cruz-acosta","status":"publish","type":"post","link":"https:\/\/eldiariodesanpedro.com.ar\/sitio\/balearon-la-casa-de-los-padres-del-sindicalista-juan-cruz-acosta\/","title":{"rendered":"Balearon la casa de los padres del sindicalista Juan Cruz Acosta"},"content":{"rendered":"<p><!-- VideographyWP Plugin Message: Automatic video embedding prevented by plugin options. --><br \/>\nEn la madrugada de este domingo ocurri\u00f3 un grav\u00edsimo episodio de violencia en una vivienda ubicada en las inmediaciones de calles Miguel Porta y Bozzano. <\/p>\n<p>  Aproximadamente a las 4 de la ma\u00f1ana, los residentes de la casa escucharon un estruendo, aunque lo atribuyeron a motocicletas que pasaban por el lugar.<br \/>\n  Por la ma\u00f1ana se encontraron con que el acr\u00edlico que recubre el medidor de luz hab\u00eda sido destrozado por el impacto de perdigones, algunos de los cuales fueron encontrados all\u00ed mismo.<br \/>\n  En esa casa residen los padres del dirigente sindical Juan Cruz Acosta, titular del Sindicato de Trabajadores Municipales.<br \/>\n  Si bien la investigaci\u00f3n que se inici\u00f3 con la denuncia formulada ayer por la ma\u00f1ana tendr\u00e1 por objetivo determinar qui\u00e9nes fueron los autores, no se descarta que el hecho est\u00e9 vinculado a la actividad gremial de Acosta.<\/p>\n","protected":false},"excerpt":{"rendered":"<p>En la madrugada de este domingo ocurri\u00f3 un grav\u00edsimo episodio de violencia en una vivienda ubicada en las inmediaciones de calles Miguel Porta y Bozzano. Aproximadamente a las 4 de la ma\u00f1ana, los residentes de la casa escucharon un estruendo, aunque lo atribuyeron a motocicletas que pasaban por el lugar. Por la ma\u00f1ana se encontraron [&hellip;]<\/p>\n","protected":false},"author":4,"featured_media":43040,"comment_status":"open","ping_status":"closed","sticky":false,"template":"","format":"standard","meta":{"om_disable_all_campaigns":false,"_jetpack_memberships_contains_paid_content":false,"footnotes":""},"categories":[50,2,103],"tags":[],"class_list":["post-43037","post","type-post","status-publish","format-standard","has-post-thumbnail","hentry","category-destacadas","category-locales","category-policiales-locales"],"aioseo_notices":[],"gutentor_comment":0,"jetpack_featured_media_url":"https:\/\/eldiariodesanpedro.com.ar\/sitio\/wp-content\/uploads\/2018\/11\/PAGINA-5.jpg","jetpack_shortlink":"https:\/\/wp.me\/p6RhLt-bc9","jetpack_sharing_enabled":true,"_links":{"self":[{"href":"https:\/\/eldiariodesanpedro.com.ar\/sitio\/wp-json\/wp\/v2\/posts\/43037","targetHints":{"allow":["GET"]}}],"collection":[{"href":"https:\/\/eldiariodesanpedro.com.ar\/sitio\/wp-json\/wp\/v2\/posts"}],"about":[{"href":"https:\/\/eldiariodesanpedro.com.ar\/sitio\/wp-json\/wp\/v2\/types\/post"}],"author":[{"embeddable":true,"href":"https:\/\/eldiariodesanpedro.com.ar\/sitio\/wp-json\/wp\/v2\/users\/4"}],"replies":[{"embeddable":true,"href":"https:\/\/eldiariodesanpedro.com.ar\/sitio\/wp-json\/wp\/v2\/comments?post=43037"}],"version-history":[{"count":1,"href":"https:\/\/eldiariodesanpedro.com.ar\/sitio\/wp-json\/wp\/v2\/posts\/43037\/revisions"}],"predecessor-version":[{"id":43042,"href":"https:\/\/eldiariodesanpedro.com.ar\/sitio\/wp-json\/wp\/v2\/posts\/43037\/revisions\/43042"}],"wp:featuredmedia":[{"embeddable":true,"href":"https:\/\/eldiariodesanpedro.com.ar\/sitio\/wp-json\/wp\/v2\/media\/43040"}],"wp:attachment":[{"href":"https:\/\/eldiariodesanpedro.com.ar\/sitio\/wp-json\/wp\/v2\/media?parent=43037"}],"wp:term":[{"taxonomy":"category","embeddable":true,"href":"https:\/\/eldiariodesanpedro.com.ar\/sitio\/wp-json\/wp\/v2\/categories?post=43037"},{"taxonomy":"post_tag","embeddable":true,"href":"https:\/\/eldiariodesanpedro.com.ar\/sitio\/wp-json\/wp\/v2\/tags?post=43037"}],"curies":[{"name":"wp","href":"https:\/\/api.w.org\/{rel}","templated":true}]}}