{"id":43030,"date":"2018-11-05T20:45:44","date_gmt":"2018-11-05T23:45:44","guid":{"rendered":"https:\/\/eldiariodesanpedro.com.ar\/sitio\/?p=43030"},"modified":"2018-11-05T20:45:44","modified_gmt":"2018-11-05T23:45:44","slug":"este-martes-no-habra-bancos","status":"publish","type":"post","link":"https:\/\/eldiariodesanpedro.com.ar\/sitio\/este-martes-no-habra-bancos\/","title":{"rendered":"Este martes no habr\u00e1 bancos"},"content":{"rendered":"<p><!-- VideographyWP Plugin Message: Automatic video embedding prevented by plugin options. --><br \/>\n  El martes 6 de noviembre estar\u00e1n cerrados todos los bancos del pa\u00eds y no habr\u00e1 actividad en los mercados por conmemorarse el D\u00eda del Bancario. Se trata de una celebraci\u00f3n que se festeja todos los a\u00f1os para recordar el nacimiento del sindicato de la Asociaci\u00f3n Bancaria, ocurrido en 1924.<br \/>\n   La fecha est\u00e1 incluida en la convenci\u00f3n colectiva del gremio de los bancarios. Por lo tanto no habr\u00e1 actividad bancaria, burs\u00e1til ni cambiaria y los clientes de los bancos s\u00f3lo podr\u00e1n operar por cajero autom\u00e1tico.<br \/>\n  El D\u00eda del Bancario de este a\u00f1o se da en medio de un conflicto el sindicato y los titulares de los bancos para que haya recomposici\u00f3n salarial en un contexto inflacionario muy fuerte. De hecho, durante la semana habr\u00e1 nuevas reuniones para avanzar en las negociaciones y seg\u00fan adelantaron desde La Bancaria, en caso de no llegar a un acuerdo podr\u00edan anunciar un paro.<br \/>\n  Cada a\u00f1o, durante el feriado bancario, los trabajadores y el sindicato aprovechan para recordar las conquistas que lograron durante los a\u00f1os de lucha gremial como derechos salariales y previsionales, la jornada laboral de siete horas y media y vacaciones, entre otros.<br \/>\n  Adem\u00e1s, desde hace unos a\u00f1os, los empleados de los bancos cobran un bono por su d\u00eda. El \u00faltimo monto de compensaci\u00f3n acordado se liquidar\u00e1 sobre una base de $23.905,46 m\u00e1s un monto de $ 3.167,29 que se proyectar\u00e1 por los \u00edndices de la escala salarial. De esta manera, la compensaci\u00f3n tendr\u00e1 un m\u00ednimo de $ 27.072,75.<\/p>\n","protected":false},"excerpt":{"rendered":"<p>El martes 6 de noviembre estar\u00e1n cerrados todos los bancos del pa\u00eds y no habr\u00e1 actividad en los mercados por conmemorarse el D\u00eda del Bancario. Se trata de una celebraci\u00f3n que se festeja todos los a\u00f1os para recordar el nacimiento del sindicato de la Asociaci\u00f3n Bancaria, ocurrido en 1924. La fecha est\u00e1 incluida en la [&hellip;]<\/p>\n","protected":false},"author":4,"featured_media":43033,"comment_status":"open","ping_status":"closed","sticky":false,"template":"","format":"standard","meta":{"om_disable_all_campaigns":false,"_jetpack_memberships_contains_paid_content":false,"footnotes":""},"categories":[101,2],"tags":[],"class_list":["post-43030","post","type-post","status-publish","format-standard","has-post-thumbnail","hentry","category-interes-general-locales","category-locales"],"aioseo_notices":[],"gutentor_comment":0,"jetpack_featured_media_url":"https:\/\/eldiariodesanpedro.com.ar\/sitio\/wp-content\/uploads\/2018\/11\/cajero-automatico.jpg","jetpack_shortlink":"https:\/\/wp.me\/p6RhLt-bc2","jetpack_sharing_enabled":true,"_links":{"self":[{"href":"https:\/\/eldiariodesanpedro.com.ar\/sitio\/wp-json\/wp\/v2\/posts\/43030","targetHints":{"allow":["GET"]}}],"collection":[{"href":"https:\/\/eldiariodesanpedro.com.ar\/sitio\/wp-json\/wp\/v2\/posts"}],"about":[{"href":"https:\/\/eldiariodesanpedro.com.ar\/sitio\/wp-json\/wp\/v2\/types\/post"}],"author":[{"embeddable":true,"href":"https:\/\/eldiariodesanpedro.com.ar\/sitio\/wp-json\/wp\/v2\/users\/4"}],"replies":[{"embeddable":true,"href":"https:\/\/eldiariodesanpedro.com.ar\/sitio\/wp-json\/wp\/v2\/comments?post=43030"}],"version-history":[{"count":2,"href":"https:\/\/eldiariodesanpedro.com.ar\/sitio\/wp-json\/wp\/v2\/posts\/43030\/revisions"}],"predecessor-version":[{"id":43035,"href":"https:\/\/eldiariodesanpedro.com.ar\/sitio\/wp-json\/wp\/v2\/posts\/43030\/revisions\/43035"}],"wp:featuredmedia":[{"embeddable":true,"href":"https:\/\/eldiariodesanpedro.com.ar\/sitio\/wp-json\/wp\/v2\/media\/43033"}],"wp:attachment":[{"href":"https:\/\/eldiariodesanpedro.com.ar\/sitio\/wp-json\/wp\/v2\/media?parent=43030"}],"wp:term":[{"taxonomy":"category","embeddable":true,"href":"https:\/\/eldiariodesanpedro.com.ar\/sitio\/wp-json\/wp\/v2\/categories?post=43030"},{"taxonomy":"post_tag","embeddable":true,"href":"https:\/\/eldiariodesanpedro.com.ar\/sitio\/wp-json\/wp\/v2\/tags?post=43030"}],"curies":[{"name":"wp","href":"https:\/\/api.w.org\/{rel}","templated":true}]}}