{"id":43029,"date":"2018-11-05T20:41:12","date_gmt":"2018-11-05T23:41:12","guid":{"rendered":"https:\/\/eldiariodesanpedro.com.ar\/sitio\/?p=43029"},"modified":"2018-11-05T20:41:12","modified_gmt":"2018-11-05T23:41:12","slug":"un-ciudadano-rompio-los-vidrios-de-dos-vehiculos-municipales","status":"publish","type":"post","link":"https:\/\/eldiariodesanpedro.com.ar\/sitio\/un-ciudadano-rompio-los-vidrios-de-dos-vehiculos-municipales\/","title":{"rendered":"Un ciudadano rompi\u00f3 los vidrios de dos veh\u00edculos municipales"},"content":{"rendered":"<p><!-- VideographyWP Plugin Message: Automatic video embedding prevented by plugin options. --><br \/>\nUn ciudadano de 35 a\u00f1os, desde su vivienda, observ\u00f3 como un malviviente ocasionaba da\u00f1os en los veh\u00edculos estacionados afuera, dando aviso r\u00e1pidamente a la polic\u00eda local.<br \/>\n  Los testigos pudieron ver c\u00f3mo esta persona, con mucha agresi\u00f3n, le propinaba golpes de pu\u00f1o a un autom\u00f3vil y a una camioneta municipal que se encontraban estacionadas sobre calle Arnaldo, ocasion\u00e1ndole da\u00f1os en ambos cristales de las puertas delanteras lateral izquierdo.<br \/>\n  No se pudo dar con la entidad del sujeto e interviene en el hecho la Fiscal\u00eda N\u00ba11 de la Dra. Ramos.<\/p>\n","protected":false},"excerpt":{"rendered":"<p>Un ciudadano de 35 a\u00f1os, desde su vivienda, observ\u00f3 como un malviviente ocasionaba da\u00f1os en los veh\u00edculos estacionados afuera, dando aviso r\u00e1pidamente a la polic\u00eda local. Los testigos pudieron ver c\u00f3mo esta persona, con mucha agresi\u00f3n, le propinaba golpes de pu\u00f1o a un autom\u00f3vil y a una camioneta municipal que se encontraban estacionadas sobre calle [&hellip;]<\/p>\n","protected":false},"author":4,"featured_media":24590,"comment_status":"open","ping_status":"closed","sticky":false,"template":"","format":"standard","meta":{"om_disable_all_campaigns":false,"_jetpack_memberships_contains_paid_content":false,"footnotes":""},"categories":[2,103],"tags":[],"class_list":["post-43029","post","type-post","status-publish","format-standard","has-post-thumbnail","hentry","category-locales","category-policiales-locales"],"aioseo_notices":[],"gutentor_comment":0,"jetpack_featured_media_url":"https:\/\/eldiariodesanpedro.com.ar\/sitio\/wp-content\/uploads\/2017\/10\/camioneta-policia-noche.jpg","jetpack_shortlink":"https:\/\/wp.me\/p6RhLt-bc1","jetpack_sharing_enabled":true,"_links":{"self":[{"href":"https:\/\/eldiariodesanpedro.com.ar\/sitio\/wp-json\/wp\/v2\/posts\/43029","targetHints":{"allow":["GET"]}}],"collection":[{"href":"https:\/\/eldiariodesanpedro.com.ar\/sitio\/wp-json\/wp\/v2\/posts"}],"about":[{"href":"https:\/\/eldiariodesanpedro.com.ar\/sitio\/wp-json\/wp\/v2\/types\/post"}],"author":[{"embeddable":true,"href":"https:\/\/eldiariodesanpedro.com.ar\/sitio\/wp-json\/wp\/v2\/users\/4"}],"replies":[{"embeddable":true,"href":"https:\/\/eldiariodesanpedro.com.ar\/sitio\/wp-json\/wp\/v2\/comments?post=43029"}],"version-history":[{"count":1,"href":"https:\/\/eldiariodesanpedro.com.ar\/sitio\/wp-json\/wp\/v2\/posts\/43029\/revisions"}],"predecessor-version":[{"id":43031,"href":"https:\/\/eldiariodesanpedro.com.ar\/sitio\/wp-json\/wp\/v2\/posts\/43029\/revisions\/43031"}],"wp:featuredmedia":[{"embeddable":true,"href":"https:\/\/eldiariodesanpedro.com.ar\/sitio\/wp-json\/wp\/v2\/media\/24590"}],"wp:attachment":[{"href":"https:\/\/eldiariodesanpedro.com.ar\/sitio\/wp-json\/wp\/v2\/media?parent=43029"}],"wp:term":[{"taxonomy":"category","embeddable":true,"href":"https:\/\/eldiariodesanpedro.com.ar\/sitio\/wp-json\/wp\/v2\/categories?post=43029"},{"taxonomy":"post_tag","embeddable":true,"href":"https:\/\/eldiariodesanpedro.com.ar\/sitio\/wp-json\/wp\/v2\/tags?post=43029"}],"curies":[{"name":"wp","href":"https:\/\/api.w.org\/{rel}","templated":true}]}}