{"id":43009,"date":"2018-11-05T10:49:41","date_gmt":"2018-11-05T13:49:41","guid":{"rendered":"https:\/\/eldiariodesanpedro.com.ar\/sitio\/?p=43009"},"modified":"2018-11-05T10:49:41","modified_gmt":"2018-11-05T13:49:41","slug":"violenta-colision-de-un-auto-contra-un-arbol","status":"publish","type":"post","link":"https:\/\/eldiariodesanpedro.com.ar\/sitio\/violenta-colision-de-un-auto-contra-un-arbol\/","title":{"rendered":"Violenta colisi\u00f3n de un auto contra un \u00e1rbol"},"content":{"rendered":"<p><!-- VideographyWP Plugin Message: Automatic video embedding prevented by plugin options. --><br \/>\nSucedi\u00f3 en la tarde del domingo a la altura de la plaza Constituci\u00f3n. La conductora no sufri\u00f3 lesiones. <\/p>\n<p>Una mujer de unos 45 a\u00f1os oriunda de Capital Federal protagoniz\u00f3 un violento accidente cuando por cuestiones que se desconocen se sali\u00f3 de la calzada e impact\u00f3 de lleno contra uno de los \u00e1rboles de la plaza Constituci\u00f3n.<\/p>\n<p>Ocurri\u00f3 alrededor de las 15.30 horas. La conductora viajaba a bordo de un auto Fiat Palio de color azul y hab\u00eda llegado a San Pedro para pasar el fin de semana.  <\/p>\n<p>Al circular sobre la calle Pellegrini al 200 se subi\u00f3 a la vereda y dio contra el \u00e1rbol provocando importantes deterioros en la parte delantera del veh\u00edculo. <\/p>\n<p>La mujer no sufri\u00f3 lesiones y el auto debi\u00f3 ser auxiliado por un remolque perteneciente al seguro.  <\/p>\n<p>Fuente: San Pedro Informa<\/p>\n","protected":false},"excerpt":{"rendered":"<p>Sucedi\u00f3 en la tarde del domingo a la altura de la plaza Constituci\u00f3n. La conductora no sufri\u00f3 lesiones. Una mujer de unos 45 a\u00f1os oriunda de Capital Federal protagoniz\u00f3 un violento accidente cuando por cuestiones que se desconocen se sali\u00f3 de la calzada e impact\u00f3 de lleno contra uno de los \u00e1rboles de la plaza [&hellip;]<\/p>\n","protected":false},"author":4,"featured_media":43010,"comment_status":"open","ping_status":"closed","sticky":false,"template":"","format":"standard","meta":{"om_disable_all_campaigns":false,"_jetpack_memberships_contains_paid_content":false,"footnotes":""},"categories":[2,103],"tags":[],"class_list":["post-43009","post","type-post","status-publish","format-standard","has-post-thumbnail","hentry","category-locales","category-policiales-locales"],"aioseo_notices":[],"gutentor_comment":0,"jetpack_featured_media_url":"https:\/\/eldiariodesanpedro.com.ar\/sitio\/wp-content\/uploads\/2018\/11\/000073279.jpg","jetpack_shortlink":"https:\/\/wp.me\/p6RhLt-bbH","jetpack_sharing_enabled":true,"_links":{"self":[{"href":"https:\/\/eldiariodesanpedro.com.ar\/sitio\/wp-json\/wp\/v2\/posts\/43009","targetHints":{"allow":["GET"]}}],"collection":[{"href":"https:\/\/eldiariodesanpedro.com.ar\/sitio\/wp-json\/wp\/v2\/posts"}],"about":[{"href":"https:\/\/eldiariodesanpedro.com.ar\/sitio\/wp-json\/wp\/v2\/types\/post"}],"author":[{"embeddable":true,"href":"https:\/\/eldiariodesanpedro.com.ar\/sitio\/wp-json\/wp\/v2\/users\/4"}],"replies":[{"embeddable":true,"href":"https:\/\/eldiariodesanpedro.com.ar\/sitio\/wp-json\/wp\/v2\/comments?post=43009"}],"version-history":[{"count":1,"href":"https:\/\/eldiariodesanpedro.com.ar\/sitio\/wp-json\/wp\/v2\/posts\/43009\/revisions"}],"predecessor-version":[{"id":43011,"href":"https:\/\/eldiariodesanpedro.com.ar\/sitio\/wp-json\/wp\/v2\/posts\/43009\/revisions\/43011"}],"wp:featuredmedia":[{"embeddable":true,"href":"https:\/\/eldiariodesanpedro.com.ar\/sitio\/wp-json\/wp\/v2\/media\/43010"}],"wp:attachment":[{"href":"https:\/\/eldiariodesanpedro.com.ar\/sitio\/wp-json\/wp\/v2\/media?parent=43009"}],"wp:term":[{"taxonomy":"category","embeddable":true,"href":"https:\/\/eldiariodesanpedro.com.ar\/sitio\/wp-json\/wp\/v2\/categories?post=43009"},{"taxonomy":"post_tag","embeddable":true,"href":"https:\/\/eldiariodesanpedro.com.ar\/sitio\/wp-json\/wp\/v2\/tags?post=43009"}],"curies":[{"name":"wp","href":"https:\/\/api.w.org\/{rel}","templated":true}]}}