{"id":43008,"date":"2018-11-05T11:01:06","date_gmt":"2018-11-05T14:01:06","guid":{"rendered":"https:\/\/eldiariodesanpedro.com.ar\/sitio\/?p=43008"},"modified":"2018-11-05T11:01:06","modified_gmt":"2018-11-05T14:01:06","slug":"iba-caminando-por-la-via-publica-y-decidio-romper-los-vidrios-de-un-auto-y-una-camioneta-municipal","status":"publish","type":"post","link":"https:\/\/eldiariodesanpedro.com.ar\/sitio\/iba-caminando-por-la-via-publica-y-decidio-romper-los-vidrios-de-un-auto-y-una-camioneta-municipal\/","title":{"rendered":"Iba caminando por la v\u00eda p\u00fablica y decidi\u00f3 romper los vidrios de un auto y una camioneta municipal"},"content":{"rendered":"<p><!-- VideographyWP Plugin Message: Automatic video embedding prevented by plugin options. --><br \/>\nAs\u00ed fue como un ciudadano de 35 a\u00f1os de edad, desde su vivienda observ\u00f3 como un malviviente ocasionaba da\u00f1os en los vehiculos estacionados afuera, dando aviso r\u00e1pidamente a la polic\u00eda local.<\/p>\n<p>Seg\u00fan testigos, pudieron ver como esta persona ignorada, con mucha agresi\u00f3n, le propina golpes de pu\u00f1o a un autom\u00f3vil y a una camioneta municipal que se encontraban estacionadas sobre calle Arnaldo, ocasion\u00e1ndole da\u00f1os en ambos cristales de las puertas delanteras lateral izquierdo.<\/p>\n<p>No se pudo dar con la entidad del sujeto e interviene en el hecho la Fiscal\u00eda N\u00ba11 de la Dr Ramos.<\/p>\n","protected":false},"excerpt":{"rendered":"<p>As\u00ed fue como un ciudadano de 35 a\u00f1os de edad, desde su vivienda observ\u00f3 como un malviviente ocasionaba da\u00f1os en los vehiculos estacionados afuera, dando aviso r\u00e1pidamente a la polic\u00eda local. Seg\u00fan testigos, pudieron ver como esta persona ignorada, con mucha agresi\u00f3n, le propina golpes de pu\u00f1o a un autom\u00f3vil y a una camioneta municipal [&hellip;]<\/p>\n","protected":false},"author":4,"featured_media":43017,"comment_status":"open","ping_status":"closed","sticky":false,"template":"","format":"standard","meta":{"om_disable_all_campaigns":false,"_jetpack_memberships_contains_paid_content":false,"footnotes":""},"categories":[2,103],"tags":[],"class_list":["post-43008","post","type-post","status-publish","format-standard","has-post-thumbnail","hentry","category-locales","category-policiales-locales"],"aioseo_notices":[],"gutentor_comment":0,"jetpack_featured_media_url":"https:\/\/eldiariodesanpedro.com.ar\/sitio\/wp-content\/uploads\/2018\/11\/2j4anwx.jpg","jetpack_shortlink":"https:\/\/wp.me\/p6RhLt-bbG","jetpack_sharing_enabled":true,"_links":{"self":[{"href":"https:\/\/eldiariodesanpedro.com.ar\/sitio\/wp-json\/wp\/v2\/posts\/43008","targetHints":{"allow":["GET"]}}],"collection":[{"href":"https:\/\/eldiariodesanpedro.com.ar\/sitio\/wp-json\/wp\/v2\/posts"}],"about":[{"href":"https:\/\/eldiariodesanpedro.com.ar\/sitio\/wp-json\/wp\/v2\/types\/post"}],"author":[{"embeddable":true,"href":"https:\/\/eldiariodesanpedro.com.ar\/sitio\/wp-json\/wp\/v2\/users\/4"}],"replies":[{"embeddable":true,"href":"https:\/\/eldiariodesanpedro.com.ar\/sitio\/wp-json\/wp\/v2\/comments?post=43008"}],"version-history":[{"count":1,"href":"https:\/\/eldiariodesanpedro.com.ar\/sitio\/wp-json\/wp\/v2\/posts\/43008\/revisions"}],"predecessor-version":[{"id":43019,"href":"https:\/\/eldiariodesanpedro.com.ar\/sitio\/wp-json\/wp\/v2\/posts\/43008\/revisions\/43019"}],"wp:featuredmedia":[{"embeddable":true,"href":"https:\/\/eldiariodesanpedro.com.ar\/sitio\/wp-json\/wp\/v2\/media\/43017"}],"wp:attachment":[{"href":"https:\/\/eldiariodesanpedro.com.ar\/sitio\/wp-json\/wp\/v2\/media?parent=43008"}],"wp:term":[{"taxonomy":"category","embeddable":true,"href":"https:\/\/eldiariodesanpedro.com.ar\/sitio\/wp-json\/wp\/v2\/categories?post=43008"},{"taxonomy":"post_tag","embeddable":true,"href":"https:\/\/eldiariodesanpedro.com.ar\/sitio\/wp-json\/wp\/v2\/tags?post=43008"}],"curies":[{"name":"wp","href":"https:\/\/api.w.org\/{rel}","templated":true}]}}