{"id":43005,"date":"2018-11-05T10:42:21","date_gmt":"2018-11-05T13:42:21","guid":{"rendered":"https:\/\/eldiariodesanpedro.com.ar\/sitio\/?p=43005"},"modified":"2018-11-05T12:11:01","modified_gmt":"2018-11-05T15:11:01","slug":"dos-personas-aprehendidas-por-amenazas-con-armas-de-fuego","status":"publish","type":"post","link":"https:\/\/eldiariodesanpedro.com.ar\/sitio\/dos-personas-aprehendidas-por-amenazas-con-armas-de-fuego\/","title":{"rendered":"Dos personas aprehendidas por amenazas con armas de fuego"},"content":{"rendered":"<p><!-- VideographyWP Plugin Message: Automatic video embedding prevented by plugin options. --><br \/>\nDos personas aprehendidas por un hecho de amenazas con armas de fuego, seg\u00fan el parte policial, se suman a un hombre mayor de edad, tambi\u00e9n alojado en la comisar\u00eda por otro hecho similar; ser\u00edan tres los agresores denunciados este domingo.<\/p>\n<p>El hecho ocurri\u00f3 por la tarde, en calle Lavalle al 1700, en una vivienda donde se solicit\u00f3 allanamiento de urgencia buscando dos ciudadanos que hab\u00edan amenazado con armas de fuego a dos j\u00f3venes que se encuentran viviendo en la parte trasera del mismo predio.<\/p>\n<p>La diligencia tuvo resultado positivo secuestrando una pistola calibre 22 y 4 municiones de mismo calibre, una escopeta calibre 16 y 27 cartuchos intactos mismo calibre; adem\u00e1s en el interior se encontraban sus moradores quienes fueron aprehendidos como autores del hecho.<\/p>\n<p>Los mismos son trasladados seccional policial. <\/p>\n<p><img decoding=\"async\" data-attachment-id=\"43023\" data-permalink=\"https:\/\/eldiariodesanpedro.com.ar\/sitio\/dos-personas-aprehendidas-por-amenazas-con-armas-de-fuego\/whatsapp-image-2018-11-05-at-12-02-00\/\" data-orig-file=\"https:\/\/eldiariodesanpedro.com.ar\/sitio\/wp-content\/uploads\/2018\/11\/WhatsApp-Image-2018-11-05-at-12.02.00.jpeg\" data-orig-size=\"768,1280\" data-comments-opened=\"1\" data-image-meta=\"{&quot;aperture&quot;:&quot;0&quot;,&quot;credit&quot;:&quot;&quot;,&quot;camera&quot;:&quot;&quot;,&quot;caption&quot;:&quot;&quot;,&quot;created_timestamp&quot;:&quot;0&quot;,&quot;copyright&quot;:&quot;&quot;,&quot;focal_length&quot;:&quot;0&quot;,&quot;iso&quot;:&quot;0&quot;,&quot;shutter_speed&quot;:&quot;0&quot;,&quot;title&quot;:&quot;&quot;,&quot;orientation&quot;:&quot;0&quot;}\" data-image-title=\"WhatsApp Image 2018-11-05 at 12.02.00\" data-image-description=\"\" data-image-caption=\"\" data-large-file=\"https:\/\/eldiariodesanpedro.com.ar\/sitio\/wp-content\/uploads\/2018\/11\/WhatsApp-Image-2018-11-05-at-12.02.00-614x1024.jpeg\" data-src=\"https:\/\/eldiariodesanpedro.com.ar\/sitio\/wp-content\/uploads\/2018\/11\/WhatsApp-Image-2018-11-05-at-12.02.00-614x1024.jpeg\" alt=\"\" width=\"614\" height=\"1024\" class=\"alignnone size-large wp-image-43023 lazyload\" data-srcset=\"https:\/\/eldiariodesanpedro.com.ar\/sitio\/wp-content\/uploads\/2018\/11\/WhatsApp-Image-2018-11-05-at-12.02.00-614x1024.jpeg 614w, https:\/\/eldiariodesanpedro.com.ar\/sitio\/wp-content\/uploads\/2018\/11\/WhatsApp-Image-2018-11-05-at-12.02.00-180x300.jpeg 180w, https:\/\/eldiariodesanpedro.com.ar\/sitio\/wp-content\/uploads\/2018\/11\/WhatsApp-Image-2018-11-05-at-12.02.00.jpeg 768w\" data-sizes=\"(max-width: 614px) 100vw, 614px\" src=\"data:image\/svg+xml;base64,PHN2ZyB3aWR0aD0iMSIgaGVpZ2h0PSIxIiB4bWxucz0iaHR0cDovL3d3dy53My5vcmcvMjAwMC9zdmciPjwvc3ZnPg==\" style=\"--smush-placeholder-width: 614px; --smush-placeholder-aspect-ratio: 614\/1024;\" \/><\/p>\n","protected":false},"excerpt":{"rendered":"<p>Dos personas aprehendidas por un hecho de amenazas con armas de fuego, seg\u00fan el parte policial, se suman a un hombre mayor de edad, tambi\u00e9n alojado en la comisar\u00eda por otro hecho similar; ser\u00edan tres los agresores denunciados este domingo. El hecho ocurri\u00f3 por la tarde, en calle Lavalle al 1700, en una vivienda donde [&hellip;]<\/p>\n","protected":false},"author":4,"featured_media":13371,"comment_status":"open","ping_status":"closed","sticky":false,"template":"","format":"standard","meta":{"om_disable_all_campaigns":false,"_jetpack_memberships_contains_paid_content":false,"footnotes":""},"categories":[2,103],"tags":[],"class_list":["post-43005","post","type-post","status-publish","format-standard","has-post-thumbnail","hentry","category-locales","category-policiales-locales"],"aioseo_notices":[],"gutentor_comment":0,"jetpack_featured_media_url":"https:\/\/eldiariodesanpedro.com.ar\/sitio\/wp-content\/uploads\/2017\/01\/Patrulla-3-e1485286104708.jpg","jetpack_shortlink":"https:\/\/wp.me\/p6RhLt-bbD","jetpack_sharing_enabled":true,"_links":{"self":[{"href":"https:\/\/eldiariodesanpedro.com.ar\/sitio\/wp-json\/wp\/v2\/posts\/43005","targetHints":{"allow":["GET"]}}],"collection":[{"href":"https:\/\/eldiariodesanpedro.com.ar\/sitio\/wp-json\/wp\/v2\/posts"}],"about":[{"href":"https:\/\/eldiariodesanpedro.com.ar\/sitio\/wp-json\/wp\/v2\/types\/post"}],"author":[{"embeddable":true,"href":"https:\/\/eldiariodesanpedro.com.ar\/sitio\/wp-json\/wp\/v2\/users\/4"}],"replies":[{"embeddable":true,"href":"https:\/\/eldiariodesanpedro.com.ar\/sitio\/wp-json\/wp\/v2\/comments?post=43005"}],"version-history":[{"count":3,"href":"https:\/\/eldiariodesanpedro.com.ar\/sitio\/wp-json\/wp\/v2\/posts\/43005\/revisions"}],"predecessor-version":[{"id":43026,"href":"https:\/\/eldiariodesanpedro.com.ar\/sitio\/wp-json\/wp\/v2\/posts\/43005\/revisions\/43026"}],"wp:featuredmedia":[{"embeddable":true,"href":"https:\/\/eldiariodesanpedro.com.ar\/sitio\/wp-json\/wp\/v2\/media\/13371"}],"wp:attachment":[{"href":"https:\/\/eldiariodesanpedro.com.ar\/sitio\/wp-json\/wp\/v2\/media?parent=43005"}],"wp:term":[{"taxonomy":"category","embeddable":true,"href":"https:\/\/eldiariodesanpedro.com.ar\/sitio\/wp-json\/wp\/v2\/categories?post=43005"},{"taxonomy":"post_tag","embeddable":true,"href":"https:\/\/eldiariodesanpedro.com.ar\/sitio\/wp-json\/wp\/v2\/tags?post=43005"}],"curies":[{"name":"wp","href":"https:\/\/api.w.org\/{rel}","templated":true}]}}