{"id":43002,"date":"2018-11-05T09:52:18","date_gmt":"2018-11-05T12:52:18","guid":{"rendered":"https:\/\/eldiariodesanpedro.com.ar\/sitio\/?p=43002"},"modified":"2018-11-05T12:13:12","modified_gmt":"2018-11-05T15:13:12","slug":"amenazo-de-muerte-a-su-vecino-y-fue-aprehendido","status":"publish","type":"post","link":"https:\/\/eldiariodesanpedro.com.ar\/sitio\/amenazo-de-muerte-a-su-vecino-y-fue-aprehendido\/","title":{"rendered":"Amenazo de muerte a su vecino y fue aprehendido"},"content":{"rendered":"<p><!-- VideographyWP Plugin Message: Automatic video embedding prevented by plugin options. --><br \/>\nEste domingo se vivi\u00f3 un hecho de violencia entre vecinos, donde las causas fueron \u00abruidos molestos\u00bb.<\/p>\n<p>El personal policial es alertado y arriba a una vivienda ubicada en calle 58 s\/n; all\u00ed proceden a la  aprehensi\u00f3n de un ciudadano de 79 a\u00f1os de edad,  quien instantes antes amenazara de muerte con un arma de fuego a su vecino de 40. <\/p>\n<p>El abuelo es trasladado a la seccional policial, remisi\u00f3n hoy a primera audiencia.<\/p>\n<p><img decoding=\"async\" data-attachment-id=\"43022\" data-permalink=\"https:\/\/eldiariodesanpedro.com.ar\/sitio\/dos-personas-aprehendidas-por-amenazas-con-armas-de-fuego\/whatsapp-image-2018-11-05-at-12-01-34\/\" data-orig-file=\"https:\/\/eldiariodesanpedro.com.ar\/sitio\/wp-content\/uploads\/2018\/11\/WhatsApp-Image-2018-11-05-at-12.01.34.jpeg\" data-orig-size=\"1280,768\" data-comments-opened=\"1\" data-image-meta=\"{&quot;aperture&quot;:&quot;0&quot;,&quot;credit&quot;:&quot;&quot;,&quot;camera&quot;:&quot;&quot;,&quot;caption&quot;:&quot;&quot;,&quot;created_timestamp&quot;:&quot;0&quot;,&quot;copyright&quot;:&quot;&quot;,&quot;focal_length&quot;:&quot;0&quot;,&quot;iso&quot;:&quot;0&quot;,&quot;shutter_speed&quot;:&quot;0&quot;,&quot;title&quot;:&quot;&quot;,&quot;orientation&quot;:&quot;0&quot;}\" data-image-title=\"WhatsApp Image 2018-11-05 at 12.01.34\" data-image-description=\"\" data-image-caption=\"\" data-large-file=\"https:\/\/eldiariodesanpedro.com.ar\/sitio\/wp-content\/uploads\/2018\/11\/WhatsApp-Image-2018-11-05-at-12.01.34-1024x614.jpeg\" data-src=\"https:\/\/eldiariodesanpedro.com.ar\/sitio\/wp-content\/uploads\/2018\/11\/WhatsApp-Image-2018-11-05-at-12.01.34-1024x614.jpeg\" alt=\"\" width=\"660\" height=\"396\" class=\"alignnone size-large wp-image-43022 lazyload\" data-srcset=\"https:\/\/eldiariodesanpedro.com.ar\/sitio\/wp-content\/uploads\/2018\/11\/WhatsApp-Image-2018-11-05-at-12.01.34-1024x614.jpeg 1024w, https:\/\/eldiariodesanpedro.com.ar\/sitio\/wp-content\/uploads\/2018\/11\/WhatsApp-Image-2018-11-05-at-12.01.34-300x180.jpeg 300w, https:\/\/eldiariodesanpedro.com.ar\/sitio\/wp-content\/uploads\/2018\/11\/WhatsApp-Image-2018-11-05-at-12.01.34-768x461.jpeg 768w, https:\/\/eldiariodesanpedro.com.ar\/sitio\/wp-content\/uploads\/2018\/11\/WhatsApp-Image-2018-11-05-at-12.01.34.jpeg 1280w\" data-sizes=\"(max-width: 660px) 100vw, 660px\" src=\"data:image\/svg+xml;base64,PHN2ZyB3aWR0aD0iMSIgaGVpZ2h0PSIxIiB4bWxucz0iaHR0cDovL3d3dy53My5vcmcvMjAwMC9zdmciPjwvc3ZnPg==\" style=\"--smush-placeholder-width: 660px; --smush-placeholder-aspect-ratio: 660\/396;\" \/><\/p>\n","protected":false},"excerpt":{"rendered":"<p>Este domingo se vivi\u00f3 un hecho de violencia entre vecinos, donde las causas fueron \u00abruidos molestos\u00bb. El personal policial es alertado y arriba a una vivienda ubicada en calle 58 s\/n; all\u00ed proceden a la aprehensi\u00f3n de un ciudadano de 79 a\u00f1os de edad, quien instantes antes amenazara de muerte con un arma de fuego [&hellip;]<\/p>\n","protected":false},"author":4,"featured_media":13371,"comment_status":"open","ping_status":"closed","sticky":false,"template":"","format":"standard","meta":{"om_disable_all_campaigns":false,"_jetpack_memberships_contains_paid_content":false,"footnotes":""},"categories":[2,103],"tags":[],"class_list":["post-43002","post","type-post","status-publish","format-standard","has-post-thumbnail","hentry","category-locales","category-policiales-locales"],"aioseo_notices":[],"gutentor_comment":0,"jetpack_featured_media_url":"https:\/\/eldiariodesanpedro.com.ar\/sitio\/wp-content\/uploads\/2017\/01\/Patrulla-3-e1485286104708.jpg","jetpack_shortlink":"https:\/\/wp.me\/p6RhLt-bbA","jetpack_sharing_enabled":true,"_links":{"self":[{"href":"https:\/\/eldiariodesanpedro.com.ar\/sitio\/wp-json\/wp\/v2\/posts\/43002","targetHints":{"allow":["GET"]}}],"collection":[{"href":"https:\/\/eldiariodesanpedro.com.ar\/sitio\/wp-json\/wp\/v2\/posts"}],"about":[{"href":"https:\/\/eldiariodesanpedro.com.ar\/sitio\/wp-json\/wp\/v2\/types\/post"}],"author":[{"embeddable":true,"href":"https:\/\/eldiariodesanpedro.com.ar\/sitio\/wp-json\/wp\/v2\/users\/4"}],"replies":[{"embeddable":true,"href":"https:\/\/eldiariodesanpedro.com.ar\/sitio\/wp-json\/wp\/v2\/comments?post=43002"}],"version-history":[{"count":2,"href":"https:\/\/eldiariodesanpedro.com.ar\/sitio\/wp-json\/wp\/v2\/posts\/43002\/revisions"}],"predecessor-version":[{"id":43027,"href":"https:\/\/eldiariodesanpedro.com.ar\/sitio\/wp-json\/wp\/v2\/posts\/43002\/revisions\/43027"}],"wp:featuredmedia":[{"embeddable":true,"href":"https:\/\/eldiariodesanpedro.com.ar\/sitio\/wp-json\/wp\/v2\/media\/13371"}],"wp:attachment":[{"href":"https:\/\/eldiariodesanpedro.com.ar\/sitio\/wp-json\/wp\/v2\/media?parent=43002"}],"wp:term":[{"taxonomy":"category","embeddable":true,"href":"https:\/\/eldiariodesanpedro.com.ar\/sitio\/wp-json\/wp\/v2\/categories?post=43002"},{"taxonomy":"post_tag","embeddable":true,"href":"https:\/\/eldiariodesanpedro.com.ar\/sitio\/wp-json\/wp\/v2\/tags?post=43002"}],"curies":[{"name":"wp","href":"https:\/\/api.w.org\/{rel}","templated":true}]}}