{"id":43000,"date":"2018-11-05T09:31:02","date_gmt":"2018-11-05T12:31:02","guid":{"rendered":"https:\/\/eldiariodesanpedro.com.ar\/sitio\/?p=43000"},"modified":"2018-11-05T09:31:02","modified_gmt":"2018-11-05T12:31:02","slug":"un-menor-aprehendido-por-robar-una-bicicleta","status":"publish","type":"post","link":"https:\/\/eldiariodesanpedro.com.ar\/sitio\/un-menor-aprehendido-por-robar-una-bicicleta\/","title":{"rendered":"Un menor aprehendido por robar una bicicleta"},"content":{"rendered":"<p><!-- VideographyWP Plugin Message: Automatic video embedding prevented by plugin options. --><br \/>\nEn la tarde del domingo, personal policial es alertado por un hecho delictivo quienes tras r\u00e1pido accionar logran con la aprehensi\u00f3n del autor.<\/p>\n<p>Se trata de un menor de 15 a\u00f1os, que momentos antes de ser sorprendido por los efectivos, hab\u00eda sustra\u00eddo una bicicleta sobre calle Lavalle al 1300, propiedad de un hombre de 37.<\/p>\n<p>El adolescente es Trasladado a la seccional local, interviene UFI joven quien dispone recaudos legales y entrega a sus progenitores.<\/p>\n","protected":false},"excerpt":{"rendered":"<p>En la tarde del domingo, personal policial es alertado por un hecho delictivo quienes tras r\u00e1pido accionar logran con la aprehensi\u00f3n del autor. Se trata de un menor de 15 a\u00f1os, que momentos antes de ser sorprendido por los efectivos, hab\u00eda sustra\u00eddo una bicicleta sobre calle Lavalle al 1300, propiedad de un hombre de 37. [&hellip;]<\/p>\n","protected":false},"author":4,"featured_media":30195,"comment_status":"open","ping_status":"closed","sticky":false,"template":"","format":"standard","meta":{"om_disable_all_campaigns":false,"_jetpack_memberships_contains_paid_content":false,"footnotes":""},"categories":[50,2,103],"tags":[],"class_list":["post-43000","post","type-post","status-publish","format-standard","has-post-thumbnail","hentry","category-destacadas","category-locales","category-policiales-locales"],"aioseo_notices":[],"gutentor_comment":0,"jetpack_featured_media_url":"https:\/\/eldiariodesanpedro.com.ar\/sitio\/wp-content\/uploads\/2018\/03\/Aprehendido-y-ofuscado.jpg","jetpack_shortlink":"https:\/\/wp.me\/p6RhLt-bby","jetpack_sharing_enabled":true,"_links":{"self":[{"href":"https:\/\/eldiariodesanpedro.com.ar\/sitio\/wp-json\/wp\/v2\/posts\/43000","targetHints":{"allow":["GET"]}}],"collection":[{"href":"https:\/\/eldiariodesanpedro.com.ar\/sitio\/wp-json\/wp\/v2\/posts"}],"about":[{"href":"https:\/\/eldiariodesanpedro.com.ar\/sitio\/wp-json\/wp\/v2\/types\/post"}],"author":[{"embeddable":true,"href":"https:\/\/eldiariodesanpedro.com.ar\/sitio\/wp-json\/wp\/v2\/users\/4"}],"replies":[{"embeddable":true,"href":"https:\/\/eldiariodesanpedro.com.ar\/sitio\/wp-json\/wp\/v2\/comments?post=43000"}],"version-history":[{"count":1,"href":"https:\/\/eldiariodesanpedro.com.ar\/sitio\/wp-json\/wp\/v2\/posts\/43000\/revisions"}],"predecessor-version":[{"id":43001,"href":"https:\/\/eldiariodesanpedro.com.ar\/sitio\/wp-json\/wp\/v2\/posts\/43000\/revisions\/43001"}],"wp:featuredmedia":[{"embeddable":true,"href":"https:\/\/eldiariodesanpedro.com.ar\/sitio\/wp-json\/wp\/v2\/media\/30195"}],"wp:attachment":[{"href":"https:\/\/eldiariodesanpedro.com.ar\/sitio\/wp-json\/wp\/v2\/media?parent=43000"}],"wp:term":[{"taxonomy":"category","embeddable":true,"href":"https:\/\/eldiariodesanpedro.com.ar\/sitio\/wp-json\/wp\/v2\/categories?post=43000"},{"taxonomy":"post_tag","embeddable":true,"href":"https:\/\/eldiariodesanpedro.com.ar\/sitio\/wp-json\/wp\/v2\/tags?post=43000"}],"curies":[{"name":"wp","href":"https:\/\/api.w.org\/{rel}","templated":true}]}}