{"id":42997,"date":"2018-11-05T09:19:30","date_gmt":"2018-11-05T12:19:30","guid":{"rendered":"https:\/\/eldiariodesanpedro.com.ar\/sitio\/?p=42997"},"modified":"2018-11-05T10:41:53","modified_gmt":"2018-11-05T13:41:53","slug":"hospital-cortaron-los-cables-de-un-equipo-especial-para-que-no-sirva-mas","status":"publish","type":"post","link":"https:\/\/eldiariodesanpedro.com.ar\/sitio\/hospital-cortaron-los-cables-de-un-equipo-especial-para-que-no-sirva-mas\/","title":{"rendered":"Hospital: \u00abCortaron los cables de un equipo especial para que no sirva m\u00e1s\u00bb"},"content":{"rendered":"<p><!-- VideographyWP Plugin Message: Automatic video embedding prevented by plugin options. --><br \/>\nUna vez m\u00e1s el Hospital de nuestra ciudad sufri\u00f3 da\u00f1os a uno de los equipos que utilizan los profesionales para hacer controles especiales, se trata de un electrocardi\u00f3grafo. <\/p>\n<p>\u00abUn da\u00f1o sin sentido porque solo le cortaron los cables, pero no funciona mas el equipo\u00bb nos contaba uno de los empleados del \u00e1rea de administraci\u00f3n a este medio.<\/p>\n<p>Recordemos que en Diciembre del a\u00f1o pasado (2017) este mismo equipo ya hab\u00eda sido robado, y con mucho esfuerzo a trav\u00e9s de rifas y todo lo que hace la Cooperadora para el Hospital, pudieron comprarlo; este hecho nunca se esclareci\u00f3.<\/p>\n<p>Hoy, despu\u00e9s de casi un a\u00f1o, vuelve a pasar casi lo mismo, porque el electrocardi\u00f3grafo se encuentra en un \u00e1rea que solo puede entrar el personal exclusivo del Hospital, est\u00e1 ubicado en un lugar restringido, la persona que logra entrar podr\u00eda estar conociendo  los movimientos de esa \u00e1rea.<\/p>\n<p>\u00abPara dar tranquilidad a la gente, no es solo el \u00fanico que hay, vamos a compartir con los profesionales los otros que est\u00e1n en distintos consultorios, se complica much\u00edsimo, es to es un da\u00f1o grand\u00edsimo a todos los pacientes, fue da\u00f1o porque cortaron prolijamente los cables al ras para que no funcione mas, el arreglo sale $7.470, el costo econ\u00f3mico es much\u00edsimo; ya se hizo la denuncia y todos los pasos correspondientes, no sabemos ni desconfiamos de nadie\u00bb; las palabras del secretario del Nosocomio quien finalizaba agregando \u00abesto es de todos, hay que cuidarlo y trabajar para mejorar, esto nos desanima much\u00edsimo\u00bb.<\/p>\n","protected":false},"excerpt":{"rendered":"<p>Una vez m\u00e1s el Hospital de nuestra ciudad sufri\u00f3 da\u00f1os a uno de los equipos que utilizan los profesionales para hacer controles especiales, se trata de un electrocardi\u00f3grafo. \u00abUn da\u00f1o sin sentido porque solo le cortaron los cables, pero no funciona mas el equipo\u00bb nos contaba uno de los empleados del \u00e1rea de administraci\u00f3n a [&hellip;]<\/p>\n","protected":false},"author":4,"featured_media":43006,"comment_status":"open","ping_status":"closed","sticky":false,"template":"","format":"standard","meta":{"om_disable_all_campaigns":false,"_jetpack_memberships_contains_paid_content":false,"footnotes":""},"categories":[50,101,2],"tags":[],"class_list":["post-42997","post","type-post","status-publish","format-standard","has-post-thumbnail","hentry","category-destacadas","category-interes-general-locales","category-locales"],"aioseo_notices":[],"gutentor_comment":0,"jetpack_featured_media_url":"https:\/\/eldiariodesanpedro.com.ar\/sitio\/wp-content\/uploads\/2018\/11\/depositphotos_177093882-stock-video-cardiac-monitor-in-operating-room.jpg","jetpack_shortlink":"https:\/\/wp.me\/p6RhLt-bbv","jetpack_sharing_enabled":true,"_links":{"self":[{"href":"https:\/\/eldiariodesanpedro.com.ar\/sitio\/wp-json\/wp\/v2\/posts\/42997","targetHints":{"allow":["GET"]}}],"collection":[{"href":"https:\/\/eldiariodesanpedro.com.ar\/sitio\/wp-json\/wp\/v2\/posts"}],"about":[{"href":"https:\/\/eldiariodesanpedro.com.ar\/sitio\/wp-json\/wp\/v2\/types\/post"}],"author":[{"embeddable":true,"href":"https:\/\/eldiariodesanpedro.com.ar\/sitio\/wp-json\/wp\/v2\/users\/4"}],"replies":[{"embeddable":true,"href":"https:\/\/eldiariodesanpedro.com.ar\/sitio\/wp-json\/wp\/v2\/comments?post=42997"}],"version-history":[{"count":1,"href":"https:\/\/eldiariodesanpedro.com.ar\/sitio\/wp-json\/wp\/v2\/posts\/42997\/revisions"}],"predecessor-version":[{"id":42999,"href":"https:\/\/eldiariodesanpedro.com.ar\/sitio\/wp-json\/wp\/v2\/posts\/42997\/revisions\/42999"}],"wp:featuredmedia":[{"embeddable":true,"href":"https:\/\/eldiariodesanpedro.com.ar\/sitio\/wp-json\/wp\/v2\/media\/43006"}],"wp:attachment":[{"href":"https:\/\/eldiariodesanpedro.com.ar\/sitio\/wp-json\/wp\/v2\/media?parent=42997"}],"wp:term":[{"taxonomy":"category","embeddable":true,"href":"https:\/\/eldiariodesanpedro.com.ar\/sitio\/wp-json\/wp\/v2\/categories?post=42997"},{"taxonomy":"post_tag","embeddable":true,"href":"https:\/\/eldiariodesanpedro.com.ar\/sitio\/wp-json\/wp\/v2\/tags?post=42997"}],"curies":[{"name":"wp","href":"https:\/\/api.w.org\/{rel}","templated":true}]}}