{"id":42991,"date":"2018-11-04T21:25:41","date_gmt":"2018-11-05T00:25:41","guid":{"rendered":"https:\/\/eldiariodesanpedro.com.ar\/sitio\/?p=42991"},"modified":"2018-11-04T21:25:41","modified_gmt":"2018-11-05T00:25:41","slug":"un-hombre-se-cayo-de-la-moto-con-sus-dos-hijas","status":"publish","type":"post","link":"https:\/\/eldiariodesanpedro.com.ar\/sitio\/un-hombre-se-cayo-de-la-moto-con-sus-dos-hijas\/","title":{"rendered":"Un hombre se cay\u00f3 de la moto con sus dos hijas"},"content":{"rendered":"<p><!-- VideographyWP Plugin Message: Automatic video embedding prevented by plugin options. --><br \/>\n  La madrugada de hoy, alrededor de las 05:00 horas, por razones se tratan de establecer, un hombre de 43 a\u00f1os circulaba en su motocicleta Corven 110 cc junto con sus dos hijas de 9 a\u00f1os y de 12 a\u00f1os.<br \/>\n   A la altura de calle Molina al 450 el conductor perdi\u00f3 el control del rodado, cayendo todos los ocupantes al suelo.<br \/>\n  Ambas menores fueron trasladadas al Hospital local, presentan lesiones graves (p\u00e9rdida de pieza dental) sin riesgo de vida.<br \/>\n  Interviene en el hecho la Fiscal\u00eda en turno de San Pedro.<\/p>\n","protected":false},"excerpt":{"rendered":"<p>La madrugada de hoy, alrededor de las 05:00 horas, por razones se tratan de establecer, un hombre de 43 a\u00f1os circulaba en su motocicleta Corven 110 cc junto con sus dos hijas de 9 a\u00f1os y de 12 a\u00f1os. A la altura de calle Molina al 450 el conductor perdi\u00f3 el control del rodado, cayendo [&hellip;]<\/p>\n","protected":false},"author":4,"featured_media":10265,"comment_status":"open","ping_status":"closed","sticky":false,"template":"","format":"standard","meta":{"om_disable_all_campaigns":false,"_jetpack_memberships_contains_paid_content":false,"footnotes":""},"categories":[2,103],"tags":[],"class_list":["post-42991","post","type-post","status-publish","format-standard","has-post-thumbnail","hentry","category-locales","category-policiales-locales"],"aioseo_notices":[],"gutentor_comment":0,"jetpack_featured_media_url":"https:\/\/eldiariodesanpedro.com.ar\/sitio\/wp-content\/uploads\/2016\/11\/hospital-san-pedro.jpg","jetpack_shortlink":"https:\/\/wp.me\/p6RhLt-bbp","jetpack_sharing_enabled":true,"_links":{"self":[{"href":"https:\/\/eldiariodesanpedro.com.ar\/sitio\/wp-json\/wp\/v2\/posts\/42991","targetHints":{"allow":["GET"]}}],"collection":[{"href":"https:\/\/eldiariodesanpedro.com.ar\/sitio\/wp-json\/wp\/v2\/posts"}],"about":[{"href":"https:\/\/eldiariodesanpedro.com.ar\/sitio\/wp-json\/wp\/v2\/types\/post"}],"author":[{"embeddable":true,"href":"https:\/\/eldiariodesanpedro.com.ar\/sitio\/wp-json\/wp\/v2\/users\/4"}],"replies":[{"embeddable":true,"href":"https:\/\/eldiariodesanpedro.com.ar\/sitio\/wp-json\/wp\/v2\/comments?post=42991"}],"version-history":[{"count":2,"href":"https:\/\/eldiariodesanpedro.com.ar\/sitio\/wp-json\/wp\/v2\/posts\/42991\/revisions"}],"predecessor-version":[{"id":42996,"href":"https:\/\/eldiariodesanpedro.com.ar\/sitio\/wp-json\/wp\/v2\/posts\/42991\/revisions\/42996"}],"wp:featuredmedia":[{"embeddable":true,"href":"https:\/\/eldiariodesanpedro.com.ar\/sitio\/wp-json\/wp\/v2\/media\/10265"}],"wp:attachment":[{"href":"https:\/\/eldiariodesanpedro.com.ar\/sitio\/wp-json\/wp\/v2\/media?parent=42991"}],"wp:term":[{"taxonomy":"category","embeddable":true,"href":"https:\/\/eldiariodesanpedro.com.ar\/sitio\/wp-json\/wp\/v2\/categories?post=42991"},{"taxonomy":"post_tag","embeddable":true,"href":"https:\/\/eldiariodesanpedro.com.ar\/sitio\/wp-json\/wp\/v2\/tags?post=42991"}],"curies":[{"name":"wp","href":"https:\/\/api.w.org\/{rel}","templated":true}]}}