{"id":42990,"date":"2018-11-04T21:24:12","date_gmt":"2018-11-05T00:24:12","guid":{"rendered":"https:\/\/eldiariodesanpedro.com.ar\/sitio\/?p=42990"},"modified":"2018-11-04T21:24:12","modified_gmt":"2018-11-05T00:24:12","slug":"ingreso-de-un-herido-de-arma-blanca-a-la-guardia-del-hospital","status":"publish","type":"post","link":"https:\/\/eldiariodesanpedro.com.ar\/sitio\/ingreso-de-un-herido-de-arma-blanca-a-la-guardia-del-hospital\/","title":{"rendered":"Ingreso de un herido de arma blanca a la Guardia del Hospital"},"content":{"rendered":"<p><!-- VideographyWP Plugin Message: Automatic video embedding prevented by plugin options. --><br \/>\nEl s\u00e1bado a las 18:00 hs la polic\u00eda intervino en un hecho de agresi\u00f3n por arma blanca a ra\u00edz del ingreso de un hombre de 27 a\u00f1os al Hospital local.<br \/>\n  El mismo presentaba una herida de arma blanca en la zona abdominal, hab\u00eda ingresado al Hospital de a pie.<br \/>\n  Posteriormente fue intervenido quir\u00fargicamente, sufri\u00f3 lesiones graves sin riesgo de vida.<br \/>\n  Se recepcionaron los testimonios a fines de establecer circunstancias del hecho y lugar de comisi\u00f3n. La v\u00edctima cuenta con frondosos antecedentes penales.<br \/>\n  Investiga el hecho la Fiscal\u00eda de turno de San Pedro.<\/p>\n","protected":false},"excerpt":{"rendered":"<p>El s\u00e1bado a las 18:00 hs la polic\u00eda intervino en un hecho de agresi\u00f3n por arma blanca a ra\u00edz del ingreso de un hombre de 27 a\u00f1os al Hospital local. El mismo presentaba una herida de arma blanca en la zona abdominal, hab\u00eda ingresado al Hospital de a pie. Posteriormente fue intervenido quir\u00fargicamente, sufri\u00f3 lesiones [&hellip;]<\/p>\n","protected":false},"author":4,"featured_media":25808,"comment_status":"open","ping_status":"closed","sticky":false,"template":"","format":"standard","meta":{"om_disable_all_campaigns":false,"_jetpack_memberships_contains_paid_content":false,"footnotes":""},"categories":[2,103],"tags":[],"class_list":["post-42990","post","type-post","status-publish","format-standard","has-post-thumbnail","hentry","category-locales","category-policiales-locales"],"aioseo_notices":[],"gutentor_comment":0,"jetpack_featured_media_url":"https:\/\/eldiariodesanpedro.com.ar\/sitio\/wp-content\/uploads\/2017\/11\/Los-accidentados-fueron-derivados-a-la-Guardia.jpg","jetpack_shortlink":"https:\/\/wp.me\/p6RhLt-bbo","jetpack_sharing_enabled":true,"_links":{"self":[{"href":"https:\/\/eldiariodesanpedro.com.ar\/sitio\/wp-json\/wp\/v2\/posts\/42990","targetHints":{"allow":["GET"]}}],"collection":[{"href":"https:\/\/eldiariodesanpedro.com.ar\/sitio\/wp-json\/wp\/v2\/posts"}],"about":[{"href":"https:\/\/eldiariodesanpedro.com.ar\/sitio\/wp-json\/wp\/v2\/types\/post"}],"author":[{"embeddable":true,"href":"https:\/\/eldiariodesanpedro.com.ar\/sitio\/wp-json\/wp\/v2\/users\/4"}],"replies":[{"embeddable":true,"href":"https:\/\/eldiariodesanpedro.com.ar\/sitio\/wp-json\/wp\/v2\/comments?post=42990"}],"version-history":[{"count":2,"href":"https:\/\/eldiariodesanpedro.com.ar\/sitio\/wp-json\/wp\/v2\/posts\/42990\/revisions"}],"predecessor-version":[{"id":42994,"href":"https:\/\/eldiariodesanpedro.com.ar\/sitio\/wp-json\/wp\/v2\/posts\/42990\/revisions\/42994"}],"wp:featuredmedia":[{"embeddable":true,"href":"https:\/\/eldiariodesanpedro.com.ar\/sitio\/wp-json\/wp\/v2\/media\/25808"}],"wp:attachment":[{"href":"https:\/\/eldiariodesanpedro.com.ar\/sitio\/wp-json\/wp\/v2\/media?parent=42990"}],"wp:term":[{"taxonomy":"category","embeddable":true,"href":"https:\/\/eldiariodesanpedro.com.ar\/sitio\/wp-json\/wp\/v2\/categories?post=42990"},{"taxonomy":"post_tag","embeddable":true,"href":"https:\/\/eldiariodesanpedro.com.ar\/sitio\/wp-json\/wp\/v2\/tags?post=42990"}],"curies":[{"name":"wp","href":"https:\/\/api.w.org\/{rel}","templated":true}]}}