{"id":42981,"date":"2018-11-04T21:19:37","date_gmt":"2018-11-05T00:19:37","guid":{"rendered":"https:\/\/eldiariodesanpedro.com.ar\/sitio\/?p=42981"},"modified":"2018-11-04T21:19:37","modified_gmt":"2018-11-05T00:19:37","slug":"un-aprehendido-con-pedido-de-paradero-activo","status":"publish","type":"post","link":"https:\/\/eldiariodesanpedro.com.ar\/sitio\/un-aprehendido-con-pedido-de-paradero-activo\/","title":{"rendered":"Un aprehendido con pedido de paradero activo"},"content":{"rendered":"<p><!-- VideographyWP Plugin Message: Automatic video embedding prevented by plugin options. --><br \/>\nEse s\u00e1bado al mediod\u00eda personal policial aprehendi\u00f3 a un hombre de 34 a\u00f1os en calle Mitre y Am\u00e9rica.<br \/>\n  Al ser identificado se pudo constatar que sobre \u00e9l pesaba un pedido de paradero activo, a solicitud de la UFI del Joven San Nicol\u00e1s.<br \/>\n  Se cumplieron recaudos legales y fue puesto en libertad.<\/p>\n","protected":false},"excerpt":{"rendered":"<p>Ese s\u00e1bado al mediod\u00eda personal policial aprehendi\u00f3 a un hombre de 34 a\u00f1os en calle Mitre y Am\u00e9rica. Al ser identificado se pudo constatar que sobre \u00e9l pesaba un pedido de paradero activo, a solicitud de la UFI del Joven San Nicol\u00e1s. Se cumplieron recaudos legales y fue puesto en libertad.<\/p>\n","protected":false},"author":4,"featured_media":28826,"comment_status":"open","ping_status":"closed","sticky":false,"template":"","format":"standard","meta":{"om_disable_all_campaigns":false,"_jetpack_memberships_contains_paid_content":false,"footnotes":""},"categories":[2,103],"tags":[],"class_list":["post-42981","post","type-post","status-publish","format-standard","has-post-thumbnail","hentry","category-locales","category-policiales-locales"],"aioseo_notices":[],"gutentor_comment":0,"jetpack_featured_media_url":"https:\/\/eldiariodesanpedro.com.ar\/sitio\/wp-content\/uploads\/2018\/02\/detenido-4.jpg","jetpack_shortlink":"https:\/\/wp.me\/p6RhLt-bbf","jetpack_sharing_enabled":true,"_links":{"self":[{"href":"https:\/\/eldiariodesanpedro.com.ar\/sitio\/wp-json\/wp\/v2\/posts\/42981","targetHints":{"allow":["GET"]}}],"collection":[{"href":"https:\/\/eldiariodesanpedro.com.ar\/sitio\/wp-json\/wp\/v2\/posts"}],"about":[{"href":"https:\/\/eldiariodesanpedro.com.ar\/sitio\/wp-json\/wp\/v2\/types\/post"}],"author":[{"embeddable":true,"href":"https:\/\/eldiariodesanpedro.com.ar\/sitio\/wp-json\/wp\/v2\/users\/4"}],"replies":[{"embeddable":true,"href":"https:\/\/eldiariodesanpedro.com.ar\/sitio\/wp-json\/wp\/v2\/comments?post=42981"}],"version-history":[{"count":2,"href":"https:\/\/eldiariodesanpedro.com.ar\/sitio\/wp-json\/wp\/v2\/posts\/42981\/revisions"}],"predecessor-version":[{"id":42988,"href":"https:\/\/eldiariodesanpedro.com.ar\/sitio\/wp-json\/wp\/v2\/posts\/42981\/revisions\/42988"}],"wp:featuredmedia":[{"embeddable":true,"href":"https:\/\/eldiariodesanpedro.com.ar\/sitio\/wp-json\/wp\/v2\/media\/28826"}],"wp:attachment":[{"href":"https:\/\/eldiariodesanpedro.com.ar\/sitio\/wp-json\/wp\/v2\/media?parent=42981"}],"wp:term":[{"taxonomy":"category","embeddable":true,"href":"https:\/\/eldiariodesanpedro.com.ar\/sitio\/wp-json\/wp\/v2\/categories?post=42981"},{"taxonomy":"post_tag","embeddable":true,"href":"https:\/\/eldiariodesanpedro.com.ar\/sitio\/wp-json\/wp\/v2\/tags?post=42981"}],"curies":[{"name":"wp","href":"https:\/\/api.w.org\/{rel}","templated":true}]}}