{"id":42979,"date":"2018-11-04T21:16:58","date_gmt":"2018-11-05T00:16:58","guid":{"rendered":"https:\/\/eldiariodesanpedro.com.ar\/sitio\/?p=42979"},"modified":"2018-11-04T21:21:39","modified_gmt":"2018-11-05T00:21:39","slug":"dos-aprehendidos-quienes-habrian-robado-en-un-galpon-en-construccion","status":"publish","type":"post","link":"https:\/\/eldiariodesanpedro.com.ar\/sitio\/dos-aprehendidos-quienes-habrian-robado-en-un-galpon-en-construccion\/","title":{"rendered":"Dos aprehendidos quienes habr\u00edan robado en un galp\u00f3n en construcci\u00f3n"},"content":{"rendered":"<p><!-- VideographyWP Plugin Message: Automatic video embedding prevented by plugin options. --><br \/>\nEste s\u00e1bado por la ma\u00f1ana, tras un r\u00e1pido proceder de las fuerzas policiales, en Av. 3 de Febrero, pasando Crucero General Belgrano, se logr\u00f3 aprehender a dos sujetos de 32 y 33 a\u00f1os con frondosos antecedentes.<br \/>\n  Los mismo circulaban en un autom\u00f3vil transportando cabreadas de hierro que instantes antes hab\u00edan sustra\u00eddo de un galp\u00f3n en construcci\u00f3n, ubicado en calle Uruguay y Garret, propiedad de un constructor de 53 a\u00f1os.<br \/>\n  Los delincuentes aprehendidos en sede policial a disposici\u00f3n de la Fiscal\u00eda en turno de San Pedro<\/p>\n","protected":false},"excerpt":{"rendered":"<p>Este s\u00e1bado por la ma\u00f1ana, tras un r\u00e1pido proceder de las fuerzas policiales, en Av. 3 de Febrero, pasando Crucero General Belgrano, se logr\u00f3 aprehender a dos sujetos de 32 y 33 a\u00f1os con frondosos antecedentes. Los mismo circulaban en un autom\u00f3vil transportando cabreadas de hierro que instantes antes hab\u00edan sustra\u00eddo de un galp\u00f3n en [&hellip;]<\/p>\n","protected":false},"author":4,"featured_media":42987,"comment_status":"open","ping_status":"closed","sticky":false,"template":"","format":"standard","meta":{"om_disable_all_campaigns":false,"_jetpack_memberships_contains_paid_content":false,"footnotes":""},"categories":[2,103],"tags":[],"class_list":["post-42979","post","type-post","status-publish","format-standard","has-post-thumbnail","hentry","category-locales","category-policiales-locales"],"aioseo_notices":[],"gutentor_comment":0,"jetpack_featured_media_url":"https:\/\/eldiariodesanpedro.com.ar\/sitio\/wp-content\/uploads\/2018\/11\/PAGINA-3.jpg","jetpack_shortlink":"https:\/\/wp.me\/p6RhLt-bbd","jetpack_sharing_enabled":true,"_links":{"self":[{"href":"https:\/\/eldiariodesanpedro.com.ar\/sitio\/wp-json\/wp\/v2\/posts\/42979","targetHints":{"allow":["GET"]}}],"collection":[{"href":"https:\/\/eldiariodesanpedro.com.ar\/sitio\/wp-json\/wp\/v2\/posts"}],"about":[{"href":"https:\/\/eldiariodesanpedro.com.ar\/sitio\/wp-json\/wp\/v2\/types\/post"}],"author":[{"embeddable":true,"href":"https:\/\/eldiariodesanpedro.com.ar\/sitio\/wp-json\/wp\/v2\/users\/4"}],"replies":[{"embeddable":true,"href":"https:\/\/eldiariodesanpedro.com.ar\/sitio\/wp-json\/wp\/v2\/comments?post=42979"}],"version-history":[{"count":1,"href":"https:\/\/eldiariodesanpedro.com.ar\/sitio\/wp-json\/wp\/v2\/posts\/42979\/revisions"}],"predecessor-version":[{"id":42982,"href":"https:\/\/eldiariodesanpedro.com.ar\/sitio\/wp-json\/wp\/v2\/posts\/42979\/revisions\/42982"}],"wp:featuredmedia":[{"embeddable":true,"href":"https:\/\/eldiariodesanpedro.com.ar\/sitio\/wp-json\/wp\/v2\/media\/42987"}],"wp:attachment":[{"href":"https:\/\/eldiariodesanpedro.com.ar\/sitio\/wp-json\/wp\/v2\/media?parent=42979"}],"wp:term":[{"taxonomy":"category","embeddable":true,"href":"https:\/\/eldiariodesanpedro.com.ar\/sitio\/wp-json\/wp\/v2\/categories?post=42979"},{"taxonomy":"post_tag","embeddable":true,"href":"https:\/\/eldiariodesanpedro.com.ar\/sitio\/wp-json\/wp\/v2\/tags?post=42979"}],"curies":[{"name":"wp","href":"https:\/\/api.w.org\/{rel}","templated":true}]}}