{"id":42974,"date":"2018-11-04T21:12:11","date_gmt":"2018-11-05T00:12:11","guid":{"rendered":"https:\/\/eldiariodesanpedro.com.ar\/sitio\/?p=42974"},"modified":"2018-11-04T21:12:11","modified_gmt":"2018-11-05T00:12:11","slug":"con-la-presencia-del-intendente-recorrida-y-visita-a-trabajadores-arandanos-santa-maria","status":"publish","type":"post","link":"https:\/\/eldiariodesanpedro.com.ar\/sitio\/con-la-presencia-del-intendente-recorrida-y-visita-a-trabajadores-arandanos-santa-maria\/","title":{"rendered":"CON LA PRESENCIA DEL INTENDENTE: Recorrida y visita a trabajadores Ar\u00e1ndanos Santa Mar\u00eda"},"content":{"rendered":"<p><!-- VideographyWP Plugin Message: Automatic video embedding prevented by plugin options. --><br \/>\n  El Intendente Cecilio Salazar visit\u00f3 junto al Secretario de Gobierno Silvio Corti y al Secretario de Obras P\u00fablicas Ariel \u00c1lvarez, el establecimiento Ar\u00e1ndanos Santa Mar\u00eda, una de las plantaciones m\u00e1s importantes del Partido de San Pedro que se encuentra trabajando a pleno, como otras firmas similares, que se encaminan por una temporada muy importante. <\/p>\n<p>  Junto al representante de la empresa, Guillermo Garberi, recorrieron el lugar y fundamentalmente comprobaron la situaci\u00f3n general de los trabajadores a los que se les est\u00e1n brindando todas las condiciones que corresponden para poder desempe\u00f1ar su labor de manera correcta.<br \/>\n  Desde la Municipalidad de San Pedro se sigue acompa\u00f1ando la perspectiva ascendente de la producci\u00f3n de ar\u00e1ndanos como generadora de jornales y movimiento econ\u00f3mico directo e indirecto en nuestra zona. <\/p>\n","protected":false},"excerpt":{"rendered":"<p>El Intendente Cecilio Salazar visit\u00f3 junto al Secretario de Gobierno Silvio Corti y al Secretario de Obras P\u00fablicas Ariel \u00c1lvarez, el establecimiento Ar\u00e1ndanos Santa Mar\u00eda, una de las plantaciones m\u00e1s importantes del Partido de San Pedro que se encuentra trabajando a pleno, como otras firmas similares, que se encaminan por una temporada muy importante. Junto [&hellip;]<\/p>\n","protected":false},"author":4,"featured_media":42976,"comment_status":"open","ping_status":"closed","sticky":false,"template":"","format":"standard","meta":{"om_disable_all_campaigns":false,"_jetpack_memberships_contains_paid_content":false,"footnotes":""},"categories":[2,102],"tags":[],"class_list":["post-42974","post","type-post","status-publish","format-standard","has-post-thumbnail","hentry","category-locales","category-politica-locales"],"aioseo_notices":[],"gutentor_comment":0,"jetpack_featured_media_url":"https:\/\/eldiariodesanpedro.com.ar\/sitio\/wp-content\/uploads\/2018\/11\/visita-al-establecimiento-Santa-Maria.jpg","jetpack_shortlink":"https:\/\/wp.me\/p6RhLt-bb8","jetpack_sharing_enabled":true,"_links":{"self":[{"href":"https:\/\/eldiariodesanpedro.com.ar\/sitio\/wp-json\/wp\/v2\/posts\/42974","targetHints":{"allow":["GET"]}}],"collection":[{"href":"https:\/\/eldiariodesanpedro.com.ar\/sitio\/wp-json\/wp\/v2\/posts"}],"about":[{"href":"https:\/\/eldiariodesanpedro.com.ar\/sitio\/wp-json\/wp\/v2\/types\/post"}],"author":[{"embeddable":true,"href":"https:\/\/eldiariodesanpedro.com.ar\/sitio\/wp-json\/wp\/v2\/users\/4"}],"replies":[{"embeddable":true,"href":"https:\/\/eldiariodesanpedro.com.ar\/sitio\/wp-json\/wp\/v2\/comments?post=42974"}],"version-history":[{"count":1,"href":"https:\/\/eldiariodesanpedro.com.ar\/sitio\/wp-json\/wp\/v2\/posts\/42974\/revisions"}],"predecessor-version":[{"id":42978,"href":"https:\/\/eldiariodesanpedro.com.ar\/sitio\/wp-json\/wp\/v2\/posts\/42974\/revisions\/42978"}],"wp:featuredmedia":[{"embeddable":true,"href":"https:\/\/eldiariodesanpedro.com.ar\/sitio\/wp-json\/wp\/v2\/media\/42976"}],"wp:attachment":[{"href":"https:\/\/eldiariodesanpedro.com.ar\/sitio\/wp-json\/wp\/v2\/media?parent=42974"}],"wp:term":[{"taxonomy":"category","embeddable":true,"href":"https:\/\/eldiariodesanpedro.com.ar\/sitio\/wp-json\/wp\/v2\/categories?post=42974"},{"taxonomy":"post_tag","embeddable":true,"href":"https:\/\/eldiariodesanpedro.com.ar\/sitio\/wp-json\/wp\/v2\/tags?post=42974"}],"curies":[{"name":"wp","href":"https:\/\/api.w.org\/{rel}","templated":true}]}}