{"id":42970,"date":"2018-11-04T21:09:42","date_gmt":"2018-11-05T00:09:42","guid":{"rendered":"https:\/\/eldiariodesanpedro.com.ar\/sitio\/?p=42970"},"modified":"2018-11-04T21:09:42","modified_gmt":"2018-11-05T00:09:42","slug":"anses-informa-jubilados-y-pensionados-pueden-confirmar-descuentos-de-mutuales-y-cooperativas-hasta-el-31-de-marzo-de-2019","status":"publish","type":"post","link":"https:\/\/eldiariodesanpedro.com.ar\/sitio\/anses-informa-jubilados-y-pensionados-pueden-confirmar-descuentos-de-mutuales-y-cooperativas-hasta-el-31-de-marzo-de-2019\/","title":{"rendered":"ANSES INFORMA: Jubilados y pensionados pueden confirmar descuentos de mutuales y cooperativas hasta el 31 de marzo de 2019"},"content":{"rendered":"<p><!-- VideographyWP Plugin Message: Automatic video embedding prevented by plugin options. --><br \/>\nA trav\u00e9s de la Resoluci\u00f3n 182\/18 publicada en el Bolet\u00edn Oficial, ANSES prorrog\u00f3 hasta el 31 de marzo de 2019 el plazo de confirmaci\u00f3n para los jubilados y pensionados que poseen descuentos de mutuales o cooperativas en sus recibos de haberes y deb\u00edan ratificarlos antes del 30 de octubre.<br \/>\nDe esta manera, y con el objetivo de asegurar la transparencia y brindar seguridad a los adultos mayores, el organismo previsional dispuso que quienes deseen continuar abonando un servicio de terceras entidades a trav\u00e9s de su recibo de haberes deber\u00e1n confirmar su aceptaci\u00f3n en www.anses.gob.ar\/mutuales, en una oficina del organismo o llamando al tel\u00e9fono gratuito desde n\u00fameros fijos 130 hasta esa fecha.<\/p>\n<p><strong>Grupos de pago para ma\u00f1ana<\/strong><br \/>\nTitulares de Pensiones No Contributivas cuyos documentos terminan en 4 y 5.<br \/>\nTitulares de la Asignaci\u00f3n Universal por Hijo y por Embarazo cuyos documentos terminan en 0.<\/p>\n","protected":false},"excerpt":{"rendered":"<p>A trav\u00e9s de la Resoluci\u00f3n 182\/18 publicada en el Bolet\u00edn Oficial, ANSES prorrog\u00f3 hasta el 31 de marzo de 2019 el plazo de confirmaci\u00f3n para los jubilados y pensionados que poseen descuentos de mutuales o cooperativas en sus recibos de haberes y deb\u00edan ratificarlos antes del 30 de octubre. De esta manera, y con el [&hellip;]<\/p>\n","protected":false},"author":4,"featured_media":5359,"comment_status":"open","ping_status":"closed","sticky":false,"template":"","format":"standard","meta":{"om_disable_all_campaigns":false,"_jetpack_memberships_contains_paid_content":false,"footnotes":""},"categories":[101,2],"tags":[],"class_list":["post-42970","post","type-post","status-publish","format-standard","has-post-thumbnail","hentry","category-interes-general-locales","category-locales"],"aioseo_notices":[],"gutentor_comment":0,"jetpack_featured_media_url":"https:\/\/eldiariodesanpedro.com.ar\/sitio\/wp-content\/uploads\/2016\/06\/anses.jpg","jetpack_shortlink":"https:\/\/wp.me\/p6RhLt-bb4","jetpack_sharing_enabled":true,"_links":{"self":[{"href":"https:\/\/eldiariodesanpedro.com.ar\/sitio\/wp-json\/wp\/v2\/posts\/42970","targetHints":{"allow":["GET"]}}],"collection":[{"href":"https:\/\/eldiariodesanpedro.com.ar\/sitio\/wp-json\/wp\/v2\/posts"}],"about":[{"href":"https:\/\/eldiariodesanpedro.com.ar\/sitio\/wp-json\/wp\/v2\/types\/post"}],"author":[{"embeddable":true,"href":"https:\/\/eldiariodesanpedro.com.ar\/sitio\/wp-json\/wp\/v2\/users\/4"}],"replies":[{"embeddable":true,"href":"https:\/\/eldiariodesanpedro.com.ar\/sitio\/wp-json\/wp\/v2\/comments?post=42970"}],"version-history":[{"count":1,"href":"https:\/\/eldiariodesanpedro.com.ar\/sitio\/wp-json\/wp\/v2\/posts\/42970\/revisions"}],"predecessor-version":[{"id":42975,"href":"https:\/\/eldiariodesanpedro.com.ar\/sitio\/wp-json\/wp\/v2\/posts\/42970\/revisions\/42975"}],"wp:featuredmedia":[{"embeddable":true,"href":"https:\/\/eldiariodesanpedro.com.ar\/sitio\/wp-json\/wp\/v2\/media\/5359"}],"wp:attachment":[{"href":"https:\/\/eldiariodesanpedro.com.ar\/sitio\/wp-json\/wp\/v2\/media?parent=42970"}],"wp:term":[{"taxonomy":"category","embeddable":true,"href":"https:\/\/eldiariodesanpedro.com.ar\/sitio\/wp-json\/wp\/v2\/categories?post=42970"},{"taxonomy":"post_tag","embeddable":true,"href":"https:\/\/eldiariodesanpedro.com.ar\/sitio\/wp-json\/wp\/v2\/tags?post=42970"}],"curies":[{"name":"wp","href":"https:\/\/api.w.org\/{rel}","templated":true}]}}