{"id":42969,"date":"2018-11-04T21:06:02","date_gmt":"2018-11-05T00:06:02","guid":{"rendered":"https:\/\/eldiariodesanpedro.com.ar\/sitio\/?p=42969"},"modified":"2018-11-04T21:06:02","modified_gmt":"2018-11-05T00:06:02","slug":"baradero-con-gran-exito-se-realizo-la-venta-de-las-hortalizas-agroecologicas","status":"publish","type":"post","link":"https:\/\/eldiariodesanpedro.com.ar\/sitio\/baradero-con-gran-exito-se-realizo-la-venta-de-las-hortalizas-agroecologicas\/","title":{"rendered":"BARADERO: Con gran \u00e9xito se realiz\u00f3 la venta de las hortalizas agroecol\u00f3gicas"},"content":{"rendered":"<p><!-- VideographyWP Plugin Message: Automatic video embedding prevented by plugin options. --><br \/>\nSe concret\u00f3 una nueva venta de los productos elaborados por los huerteros en el Vivero Municipal de Baradero.<\/p>\n<p>Esta vez la entrega fue nuevamente en la Plaza Mitre, y comenz\u00f3 puntualmente a las 10.30 cuando ya hab\u00eda una extensa cola de interesados. Se prepararon 60 bolsones y venta suelto.<br \/>\nEl bols\u00f3n llevaba cebolla y cilantro (var. INTA), lechuga morada y mantecosa, acelga, repollo, rabanito, puerro, habas, chaucha amarilla y arvejas.<br \/>\nTambi\u00e9n estuvieron los alumnos de 2do grado de Escuela Primaria N\u00b01 de esa localidad, quienes recibieron como presente un plantin de tomate a cada uno para que complementen sus huertas familiares y contin\u00faen con el estudio de la especie con sus docentes.<\/p>\n<p>Fuente: Tu L\u00ednea Directa<\/p>\n","protected":false},"excerpt":{"rendered":"<p>Se concret\u00f3 una nueva venta de los productos elaborados por los huerteros en el Vivero Municipal de Baradero. Esta vez la entrega fue nuevamente en la Plaza Mitre, y comenz\u00f3 puntualmente a las 10.30 cuando ya hab\u00eda una extensa cola de interesados. Se prepararon 60 bolsones y venta suelto. El bols\u00f3n llevaba cebolla y cilantro [&hellip;]<\/p>\n","protected":false},"author":4,"featured_media":42971,"comment_status":"open","ping_status":"closed","sticky":false,"template":"","format":"standard","meta":{"om_disable_all_campaigns":false,"_jetpack_memberships_contains_paid_content":false,"footnotes":""},"categories":[621],"tags":[],"class_list":["post-42969","post","type-post","status-publish","format-standard","has-post-thumbnail","hentry","category-regionales"],"aioseo_notices":[],"gutentor_comment":0,"jetpack_featured_media_url":"https:\/\/eldiariodesanpedro.com.ar\/sitio\/wp-content\/uploads\/2018\/11\/venta-de-las-hortalizas-agroecol\u00f3gicas.jpg","jetpack_shortlink":"https:\/\/wp.me\/p6RhLt-bb3","jetpack_sharing_enabled":true,"_links":{"self":[{"href":"https:\/\/eldiariodesanpedro.com.ar\/sitio\/wp-json\/wp\/v2\/posts\/42969","targetHints":{"allow":["GET"]}}],"collection":[{"href":"https:\/\/eldiariodesanpedro.com.ar\/sitio\/wp-json\/wp\/v2\/posts"}],"about":[{"href":"https:\/\/eldiariodesanpedro.com.ar\/sitio\/wp-json\/wp\/v2\/types\/post"}],"author":[{"embeddable":true,"href":"https:\/\/eldiariodesanpedro.com.ar\/sitio\/wp-json\/wp\/v2\/users\/4"}],"replies":[{"embeddable":true,"href":"https:\/\/eldiariodesanpedro.com.ar\/sitio\/wp-json\/wp\/v2\/comments?post=42969"}],"version-history":[{"count":1,"href":"https:\/\/eldiariodesanpedro.com.ar\/sitio\/wp-json\/wp\/v2\/posts\/42969\/revisions"}],"predecessor-version":[{"id":42972,"href":"https:\/\/eldiariodesanpedro.com.ar\/sitio\/wp-json\/wp\/v2\/posts\/42969\/revisions\/42972"}],"wp:featuredmedia":[{"embeddable":true,"href":"https:\/\/eldiariodesanpedro.com.ar\/sitio\/wp-json\/wp\/v2\/media\/42971"}],"wp:attachment":[{"href":"https:\/\/eldiariodesanpedro.com.ar\/sitio\/wp-json\/wp\/v2\/media?parent=42969"}],"wp:term":[{"taxonomy":"category","embeddable":true,"href":"https:\/\/eldiariodesanpedro.com.ar\/sitio\/wp-json\/wp\/v2\/categories?post=42969"},{"taxonomy":"post_tag","embeddable":true,"href":"https:\/\/eldiariodesanpedro.com.ar\/sitio\/wp-json\/wp\/v2\/tags?post=42969"}],"curies":[{"name":"wp","href":"https:\/\/api.w.org\/{rel}","templated":true}]}}