{"id":42964,"date":"2018-11-04T20:59:56","date_gmt":"2018-11-04T23:59:56","guid":{"rendered":"https:\/\/eldiariodesanpedro.com.ar\/sitio\/?p=42964"},"modified":"2018-11-04T20:59:56","modified_gmt":"2018-11-04T23:59:56","slug":"san-nicolas-fallece-operario-en-un-accidente-dentro-de-fiplasto","status":"publish","type":"post","link":"https:\/\/eldiariodesanpedro.com.ar\/sitio\/san-nicolas-fallece-operario-en-un-accidente-dentro-de-fiplasto\/","title":{"rendered":"SAN NICOL\u00c1S: Fallece operario en un accidente dentro de Fiplasto"},"content":{"rendered":"<p><!-- VideographyWP Plugin Message: Automatic video embedding prevented by plugin options. --><br \/>\nEste domingo a las 2.20 de la madrugada se recibe llamado del personal de Fiplasto por el deceso de un operario atrapado en una cinta transportadora, inform\u00f3 Bomberos Voluntarios. Personal de Comisar\u00eda segunda de Villa Ramallo detall\u00f3 horas m\u00e1s tarde que el operario fallecido es Sergio Moyano de 33 a\u00f1os. El trabajador viv\u00eda en la ciudad de Ramallo.<\/p>\n<p>El trabajador se encontraba limpiando una cinta transportadora cuando por circunstancias que se deber\u00e1 establecer fue atrapado por la misma produciendo el posterior deceso informaron desde Comisar\u00eda Segunda.<br \/>\nPersonal policial inform\u00f3 que la caratula es averiguaci\u00f3n de causal de muerte.<br \/>\nPeritos de polic\u00eda cient\u00edfica solicitaron colaboraci\u00f3n de bomberos para realizar la extracci\u00f3n del cuerpo sin vida inform\u00f3 Bomberos Voluntarios.<\/p>\n<p>Fuente: Radio Acero<\/p>\n","protected":false},"excerpt":{"rendered":"<p>Este domingo a las 2.20 de la madrugada se recibe llamado del personal de Fiplasto por el deceso de un operario atrapado en una cinta transportadora, inform\u00f3 Bomberos Voluntarios. Personal de Comisar\u00eda segunda de Villa Ramallo detall\u00f3 horas m\u00e1s tarde que el operario fallecido es Sergio Moyano de 33 a\u00f1os. El trabajador viv\u00eda en la [&hellip;]<\/p>\n","protected":false},"author":4,"featured_media":42966,"comment_status":"open","ping_status":"closed","sticky":false,"template":"","format":"standard","meta":{"om_disable_all_campaigns":false,"_jetpack_memberships_contains_paid_content":false,"footnotes":""},"categories":[621],"tags":[],"class_list":["post-42964","post","type-post","status-publish","format-standard","has-post-thumbnail","hentry","category-regionales"],"aioseo_notices":[],"gutentor_comment":0,"jetpack_featured_media_url":"https:\/\/eldiariodesanpedro.com.ar\/sitio\/wp-content\/uploads\/2018\/11\/PAGINA-7-1.jpg","jetpack_shortlink":"https:\/\/wp.me\/p6RhLt-baY","jetpack_sharing_enabled":true,"_links":{"self":[{"href":"https:\/\/eldiariodesanpedro.com.ar\/sitio\/wp-json\/wp\/v2\/posts\/42964","targetHints":{"allow":["GET"]}}],"collection":[{"href":"https:\/\/eldiariodesanpedro.com.ar\/sitio\/wp-json\/wp\/v2\/posts"}],"about":[{"href":"https:\/\/eldiariodesanpedro.com.ar\/sitio\/wp-json\/wp\/v2\/types\/post"}],"author":[{"embeddable":true,"href":"https:\/\/eldiariodesanpedro.com.ar\/sitio\/wp-json\/wp\/v2\/users\/4"}],"replies":[{"embeddable":true,"href":"https:\/\/eldiariodesanpedro.com.ar\/sitio\/wp-json\/wp\/v2\/comments?post=42964"}],"version-history":[{"count":1,"href":"https:\/\/eldiariodesanpedro.com.ar\/sitio\/wp-json\/wp\/v2\/posts\/42964\/revisions"}],"predecessor-version":[{"id":42968,"href":"https:\/\/eldiariodesanpedro.com.ar\/sitio\/wp-json\/wp\/v2\/posts\/42964\/revisions\/42968"}],"wp:featuredmedia":[{"embeddable":true,"href":"https:\/\/eldiariodesanpedro.com.ar\/sitio\/wp-json\/wp\/v2\/media\/42966"}],"wp:attachment":[{"href":"https:\/\/eldiariodesanpedro.com.ar\/sitio\/wp-json\/wp\/v2\/media?parent=42964"}],"wp:term":[{"taxonomy":"category","embeddable":true,"href":"https:\/\/eldiariodesanpedro.com.ar\/sitio\/wp-json\/wp\/v2\/categories?post=42964"},{"taxonomy":"post_tag","embeddable":true,"href":"https:\/\/eldiariodesanpedro.com.ar\/sitio\/wp-json\/wp\/v2\/tags?post=42964"}],"curies":[{"name":"wp","href":"https:\/\/api.w.org\/{rel}","templated":true}]}}