{"id":42958,"date":"2018-11-04T20:52:40","date_gmt":"2018-11-04T23:52:40","guid":{"rendered":"https:\/\/eldiariodesanpedro.com.ar\/sitio\/?p=42958"},"modified":"2018-11-04T20:52:40","modified_gmt":"2018-11-04T23:52:40","slug":"provincia-lunes-de-super-accion-vidal-presenta-presupuesto-2019-y-los-gremios-arman-carpa-contra-el-ajuste","status":"publish","type":"post","link":"https:\/\/eldiariodesanpedro.com.ar\/sitio\/provincia-lunes-de-super-accion-vidal-presenta-presupuesto-2019-y-los-gremios-arman-carpa-contra-el-ajuste\/","title":{"rendered":"PROVINCIA, Lunes de s\u00faper acci\u00f3n: Vidal presenta Presupuesto 2019 y los gremios arman carpa contra el \u201cajuste\u201d"},"content":{"rendered":"<p><!-- VideographyWP Plugin Message: Automatic video embedding prevented by plugin options. --><br \/>\nLa jornada arrancar\u00e1 con un paro, movilizaci\u00f3n y un acampe contra el gobierno. El Ejecutivo manda al Legislativo el Presupuesto y la ley Impositiva. Econom\u00eda trabaja contra reloj para llegar a la presentaci\u00f3n.<\/p>\n<p>La semana pol\u00edtica en la provincia de Buenos Aires comenzar\u00e1 con todo. El gobierno de Mar\u00eda Eugenia Vidal tiene planeado llevar a la legislatura los proyectos de ley de Presupuesto y Reforma Impositiva para el a\u00f1o pr\u00f3ximo; mientras que los gremios m\u00e1s combativos de territorio bonaerense manifestar\u00e1n e instalar\u00e1n una carpa para rechazar lo que consideran \u201cun presupuesto de ajuste\u201d.<br \/>\nLa jornada comenzar\u00e1 temprano con un paro y movilizaci\u00f3n de ATE, que afectar\u00e1 la actividad en varias reparticiones. La medida de fuerza, por aumento salarial y mejoras laborales, desembocar\u00e1 en la instalaci\u00f3n de un campamento en la Plaza San Martin de La Plata, frente a la legislatura, para decirle \u201cno\u201d al presupuesto de Vidal.<br \/>\nLa carpa est\u00e1 impulsada por los gremios ATE, la Asociaci\u00f3n de Profesionales de la Salud (CICOP), la Asociaci\u00f3n Judicial Bonaerense, empleados legislativos de APL, de movimientos de izquierda  y varias organizaciones sociales como Barrios de Pie y la Corriente Clasista Combativa, entre otras. Tambi\u00e9n se prev\u00e9 que se sumen sindicatos y federaciones de docentes.<br \/>\nEn la carpa, tal como adelant\u00f3 la semana pasada La Tecla, se realizar\u00e1n todos los d\u00edas paneles de discusi\u00f3n con diferentes legisladores de la oposici\u00f3n que ya fueron invitados; mientras que dirigentes de los gremios ir\u00e1n a las diferentes comisiones legislativas para plantear su postura respecto al presupuesto.<br \/>\n\u201cNos oponemos a cualquier presupuesto que intente consolidar la desigualdad, es decir a cualquier presupuesto de ajuste en la provincia\u201d, indic\u00f3 el titular de ATE provincia, Oscar De Isasi y record\u00f3 que \u201cel presupuesto nacional 2019, marca claramente que gran parte de los recortes que acordaron con el FMI es la quita de recursos a las provincias\u201d.<br \/>\n\u201cEs decir, el ajuste y su profundizaci\u00f3n se federaliza, Y la provincia de Buenos Aires es un territorio apetecible para la voracidad de los especuladores internacionales teniendo en cuenta que la provincia genera el 33% de la riqueza de todos los argentinos\u201d, concluy\u00f3 el dirigente de ATE.<br \/>\nPero adem\u00e1s, en el cierre de la jornada se elevar\u00e1n las leyes de Presupuesto y Reforma Impositiva 2019 al Poder Legislativo. De ambas iniciativas se conoce poco y nada, aunque se descuenta que incluir\u00e1 un endeudamiento cercano a los 100 mil millones, pauta salarial y aumento en algunos impuestos.<br \/>\nUn funcionario del equipo de Vidal inform\u00f3 a La Tecla que el n\u00famero final del presupuesto todav\u00eda se est\u00e1 definiendo: \u201cEs un n\u00famero que est\u00e1 en permanente negociaci\u00f3n hasta \u00faltimo minuto y que depende de los acuerdos con naci\u00f3n\u201d, afirm\u00f3.<br \/>\nY agreg\u00f3: \u201cHoy y ma\u00f1ana los equipos del ministro de Econom\u00eda, Hern\u00e1n Lacunza, van a estar a full trabajando para cerrar el n\u00famero y poder presentarlo\u201d.<\/p>\n<p>Fuente: La Tecla<\/p>\n","protected":false},"excerpt":{"rendered":"<p>La jornada arrancar\u00e1 con un paro, movilizaci\u00f3n y un acampe contra el gobierno. El Ejecutivo manda al Legislativo el Presupuesto y la ley Impositiva. Econom\u00eda trabaja contra reloj para llegar a la presentaci\u00f3n. La semana pol\u00edtica en la provincia de Buenos Aires comenzar\u00e1 con todo. El gobierno de Mar\u00eda Eugenia Vidal tiene planeado llevar a [&hellip;]<\/p>\n","protected":false},"author":4,"featured_media":42960,"comment_status":"open","ping_status":"closed","sticky":false,"template":"","format":"standard","meta":{"om_disable_all_campaigns":false,"_jetpack_memberships_contains_paid_content":false,"footnotes":""},"categories":[621],"tags":[],"class_list":["post-42958","post","type-post","status-publish","format-standard","has-post-thumbnail","hentry","category-regionales"],"aioseo_notices":[],"gutentor_comment":0,"jetpack_featured_media_url":"https:\/\/eldiariodesanpedro.com.ar\/sitio\/wp-content\/uploads\/2018\/11\/PAGINA-6-2.jpg","jetpack_shortlink":"https:\/\/wp.me\/p6RhLt-baS","jetpack_sharing_enabled":true,"_links":{"self":[{"href":"https:\/\/eldiariodesanpedro.com.ar\/sitio\/wp-json\/wp\/v2\/posts\/42958","targetHints":{"allow":["GET"]}}],"collection":[{"href":"https:\/\/eldiariodesanpedro.com.ar\/sitio\/wp-json\/wp\/v2\/posts"}],"about":[{"href":"https:\/\/eldiariodesanpedro.com.ar\/sitio\/wp-json\/wp\/v2\/types\/post"}],"author":[{"embeddable":true,"href":"https:\/\/eldiariodesanpedro.com.ar\/sitio\/wp-json\/wp\/v2\/users\/4"}],"replies":[{"embeddable":true,"href":"https:\/\/eldiariodesanpedro.com.ar\/sitio\/wp-json\/wp\/v2\/comments?post=42958"}],"version-history":[{"count":1,"href":"https:\/\/eldiariodesanpedro.com.ar\/sitio\/wp-json\/wp\/v2\/posts\/42958\/revisions"}],"predecessor-version":[{"id":42963,"href":"https:\/\/eldiariodesanpedro.com.ar\/sitio\/wp-json\/wp\/v2\/posts\/42958\/revisions\/42963"}],"wp:featuredmedia":[{"embeddable":true,"href":"https:\/\/eldiariodesanpedro.com.ar\/sitio\/wp-json\/wp\/v2\/media\/42960"}],"wp:attachment":[{"href":"https:\/\/eldiariodesanpedro.com.ar\/sitio\/wp-json\/wp\/v2\/media?parent=42958"}],"wp:term":[{"taxonomy":"category","embeddable":true,"href":"https:\/\/eldiariodesanpedro.com.ar\/sitio\/wp-json\/wp\/v2\/categories?post=42958"},{"taxonomy":"post_tag","embeddable":true,"href":"https:\/\/eldiariodesanpedro.com.ar\/sitio\/wp-json\/wp\/v2\/tags?post=42958"}],"curies":[{"name":"wp","href":"https:\/\/api.w.org\/{rel}","templated":true}]}}