{"id":42957,"date":"2018-11-04T20:56:32","date_gmt":"2018-11-04T23:56:32","guid":{"rendered":"https:\/\/eldiariodesanpedro.com.ar\/sitio\/?p=42957"},"modified":"2018-11-04T20:56:32","modified_gmt":"2018-11-04T23:56:32","slug":"san-nicolas-ocho-de-cada-diez-lesionados-en-accidentes-son-motociclistas","status":"publish","type":"post","link":"https:\/\/eldiariodesanpedro.com.ar\/sitio\/san-nicolas-ocho-de-cada-diez-lesionados-en-accidentes-son-motociclistas\/","title":{"rendered":"SAN NICOL\u00c1S: Ocho de cada diez lesionados en accidentes son motociclistas"},"content":{"rendered":"<p><!-- VideographyWP Plugin Message: Automatic video embedding prevented by plugin options. --><br \/>\nLos datos son arrojados tras la estad\u00edstica elaborada por el Hospital San Felipe.<br \/>\nEn el primer semestre de este a\u00f1o, el 78 por ciento de las personas que llegaron a la guardia del nosocomio luego de protagonizar accidentes viales, conduc\u00eda o iba a bordo de una moto. Casi 8 de cada 10, superando as\u00ed las marcas de 2015 (77%) y de 2017 (76%).<br \/>\nLa estad\u00edstica del San Felipe recoge datos correspondientes al per\u00edodo enero \u2013 mayo, pero el total para el semestre puede estimarse calculando un promedio mensual y a\u00f1adiendo ese n\u00famero como sexto indicador, correspondiente a junio.<br \/>\nLuego de los motociclistas, el segundo grupo de pacientes con lesiones atendidas en el hospital de San Nicol\u00e1s es el que constituyen quienes circulaban en autos, con una incidencia del 14 por ciento. Despu\u00e9s vienen los ciclistas (6%), los peatones (2%) y los pasajeros o conductores de colectivos (computable en 0, la estad\u00edstica del hospital muestra que hubo un \u00fanico lesionado).<br \/>\nEn cuanto al total de lesionados a ra\u00edz de accidentes viales, el n\u00famero para el primer semestre de 2018 elaborado por el San Felipe es de 687 y resulta similar al de los dos a\u00f1os precedentes: 649 en 2017 y 621 en 2016. S\u00ed existe una notoria baja en la comparaci\u00f3n con 2015, en cuyo primer semestre se atendieron en el hospital nicole\u00f1o un total de 1.112 lesionados en calles, avenidas y rutas del distrito.<br \/>\nLa fatalidad en las consecuencias de los accidente s\u00ed resulta preocupante en lo que va del a\u00f1o. Hay en el registro del San Felipe un total de 12 v\u00edctimas fatales hasta mayo, apenas 4 menos que las producidas en todo el 2015, cuando las muertes sumaron un total de 16. En 2016 fueron 6 y en 2017, 9.<br \/>\nSeg\u00fan el registro del grupo local de Estrellas Amarillas, con la muerte este mi\u00e9rcoles del ramallense Yamil Butara (accidentado el 10 de octubre en avenida Savio) ya suman 27 los fallecidos este a\u00f1o en accidentes de tr\u00e1nsito ocurridos en el distrito, superando a falta de dos meses para el cierre del a\u00f1o la marca de todo 2017, cuando se produjeron 26 decesos como consecuencia de accidentes viales.<\/p>\n<p>Fuente: Diario El Norte<\/p>\n","protected":false},"excerpt":{"rendered":"<p>Los datos son arrojados tras la estad\u00edstica elaborada por el Hospital San Felipe. En el primer semestre de este a\u00f1o, el 78 por ciento de las personas que llegaron a la guardia del nosocomio luego de protagonizar accidentes viales, conduc\u00eda o iba a bordo de una moto. Casi 8 de cada 10, superando as\u00ed las [&hellip;]<\/p>\n","protected":false},"author":4,"featured_media":42965,"comment_status":"open","ping_status":"closed","sticky":false,"template":"","format":"standard","meta":{"om_disable_all_campaigns":false,"_jetpack_memberships_contains_paid_content":false,"footnotes":""},"categories":[621],"tags":[],"class_list":["post-42957","post","type-post","status-publish","format-standard","has-post-thumbnail","hentry","category-regionales"],"aioseo_notices":[],"gutentor_comment":0,"jetpack_featured_media_url":"https:\/\/eldiariodesanpedro.com.ar\/sitio\/wp-content\/uploads\/2018\/11\/Ocho-de-cada-diez-lesionados-en-accidentes-son-motociclistas.jpg","jetpack_shortlink":"https:\/\/wp.me\/p6RhLt-baR","jetpack_sharing_enabled":true,"_links":{"self":[{"href":"https:\/\/eldiariodesanpedro.com.ar\/sitio\/wp-json\/wp\/v2\/posts\/42957","targetHints":{"allow":["GET"]}}],"collection":[{"href":"https:\/\/eldiariodesanpedro.com.ar\/sitio\/wp-json\/wp\/v2\/posts"}],"about":[{"href":"https:\/\/eldiariodesanpedro.com.ar\/sitio\/wp-json\/wp\/v2\/types\/post"}],"author":[{"embeddable":true,"href":"https:\/\/eldiariodesanpedro.com.ar\/sitio\/wp-json\/wp\/v2\/users\/4"}],"replies":[{"embeddable":true,"href":"https:\/\/eldiariodesanpedro.com.ar\/sitio\/wp-json\/wp\/v2\/comments?post=42957"}],"version-history":[{"count":1,"href":"https:\/\/eldiariodesanpedro.com.ar\/sitio\/wp-json\/wp\/v2\/posts\/42957\/revisions"}],"predecessor-version":[{"id":42967,"href":"https:\/\/eldiariodesanpedro.com.ar\/sitio\/wp-json\/wp\/v2\/posts\/42957\/revisions\/42967"}],"wp:featuredmedia":[{"embeddable":true,"href":"https:\/\/eldiariodesanpedro.com.ar\/sitio\/wp-json\/wp\/v2\/media\/42965"}],"wp:attachment":[{"href":"https:\/\/eldiariodesanpedro.com.ar\/sitio\/wp-json\/wp\/v2\/media?parent=42957"}],"wp:term":[{"taxonomy":"category","embeddable":true,"href":"https:\/\/eldiariodesanpedro.com.ar\/sitio\/wp-json\/wp\/v2\/categories?post=42957"},{"taxonomy":"post_tag","embeddable":true,"href":"https:\/\/eldiariodesanpedro.com.ar\/sitio\/wp-json\/wp\/v2\/tags?post=42957"}],"curies":[{"name":"wp","href":"https:\/\/api.w.org\/{rel}","templated":true}]}}