{"id":42934,"date":"2018-11-02T20:38:29","date_gmt":"2018-11-02T23:38:29","guid":{"rendered":"https:\/\/eldiariodesanpedro.com.ar\/sitio\/?p=42934"},"modified":"2026-01-24T00:09:09","modified_gmt":"2026-01-24T03:09:09","slug":"futbol-local-manana-mitre-ante-banfield-y-pasado-el-resto-de-los-partidos","status":"publish","type":"post","link":"https:\/\/eldiariodesanpedro.com.ar\/sitio\/futbol-local-manana-mitre-ante-banfield-y-pasado-el-resto-de-los-partidos\/","title":{"rendered":"F\u00daTBOL LOCAL: Ma\u00f1ana Mitre ante Banfield y pasado el resto de los partidos"},"content":{"rendered":"<p><!-- VideographyWP Plugin Message: Automatic video embedding prevented by plugin options. --><br \/>\nComienzan a jugarse los cuartos de final para Primera divisi\u00f3n y los partidos de ida semifinales de las restantes cuatro categor\u00edas de la liga sampetrina.<\/p>\n<p>El programa completo, seg\u00fan informaci\u00f3n oficial es la siguiente:<\/p>\n<p><img decoding=\"async\" data-attachment-id=\"42936\" data-permalink=\"https:\/\/eldiariodesanpedro.com.ar\/sitio\/futbol-local-manana-mitre-ante-banfield-y-pasado-el-resto-de-los-partidos\/info-03-11-18-programa\/\" data-orig-file=\"https:\/\/eldiariodesanpedro.com.ar\/sitio\/wp-content\/uploads\/2018\/11\/Info-03-11-18-programa.jpg\" data-orig-size=\"2130,848\" data-comments-opened=\"1\" data-image-meta=\"{&quot;aperture&quot;:&quot;0&quot;,&quot;credit&quot;:&quot;Fernando Bettendorff&quot;,&quot;camera&quot;:&quot;&quot;,&quot;caption&quot;:&quot;&quot;,&quot;created_timestamp&quot;:&quot;1541185261&quot;,&quot;copyright&quot;:&quot;&quot;,&quot;focal_length&quot;:&quot;0&quot;,&quot;iso&quot;:&quot;0&quot;,&quot;shutter_speed&quot;:&quot;0&quot;,&quot;title&quot;:&quot;&quot;,&quot;orientation&quot;:&quot;0&quot;}\" data-image-title=\"Info 03-11-18 programa\" data-image-description=\"\" data-image-caption=\"\" data-large-file=\"https:\/\/eldiariodesanpedro.com.ar\/sitio\/wp-content\/uploads\/2018\/11\/Info-03-11-18-programa-1024x408.jpg\" class=\"alignnone size-large wp-image-42936 lazyload\" data-src=\"https:\/\/eldiariodesanpedro.com.ar\/sitio\/wp-content\/uploads\/2018\/11\/Info-03-11-18-programa-1024x408.jpg\" alt=\"\" width=\"660\" height=\"263\" data-srcset=\"https:\/\/eldiariodesanpedro.com.ar\/sitio\/wp-content\/uploads\/2018\/11\/Info-03-11-18-programa-1024x408.jpg 1024w, https:\/\/eldiariodesanpedro.com.ar\/sitio\/wp-content\/uploads\/2018\/11\/Info-03-11-18-programa-300x119.jpg 300w, https:\/\/eldiariodesanpedro.com.ar\/sitio\/wp-content\/uploads\/2018\/11\/Info-03-11-18-programa-768x306.jpg 768w\" data-sizes=\"(max-width: 660px) 100vw, 660px\" src=\"data:image\/svg+xml;base64,PHN2ZyB3aWR0aD0iMSIgaGVpZ2h0PSIxIiB4bWxucz0iaHR0cDovL3d3dy53My5vcmcvMjAwMC9zdmciPjwvc3ZnPg==\" style=\"--smush-placeholder-width: 660px; --smush-placeholder-aspect-ratio: 660\/263;\" \/><\/p>\n<p><strong>Sanciones del Tribunal de Disciplina<\/strong><br \/>\nCon 1 partido<br \/>\nSoto Facundo Rom\u00e1n<br \/>\nCvitanich Bruno<br \/>\nErpen Amadeo<br \/>\nMoreno Monz\u00f3n<br \/>\nZapata Ignacio<br \/>\nSoto Braian<br \/>\nRoda Mat\u00edas<br \/>\nPerfume Francisco<br \/>\nSilva Lautaro<br \/>\nPedraza Tomas<br \/>\nP\u00e9rez Josemir<br \/>\nDucasse Leandro<br \/>\nPerticarari Marcelo<br \/>\nNouet Juan<br \/>\nVarela Alexander<br \/>\nCon 2 partidos<br \/>\nScavarda Josue<br \/>\nSalazar Kevin<\/p>\n<p><strong>Dio inicio el torneo de sexta divisi\u00f3n<\/strong><br \/>\nComenz\u00f3 a jugarse el Torneo de la categor\u00eda sexta (2006) el pasado lunes en Baradero y este jueves en San Pedro. Se juega en seis zonas la primera ronda.<\/p>\n<p><strong>Resultados<\/strong><br \/>\n<em>1ra fecha<\/em><br \/>\nlunes 29 de octubre<br \/>\nSportivo 3-Rivadavia 1<br \/>\nAtl\u00e9tico GP- Fundici\u00f3n PP (1-0)<\/p>\n<p><em>jueves 1 de noviembre<\/em><br \/>\nLas Palmeras 1 -Mitre 7<br \/>\nCentral C\u00f3rdoba 2-Agricultores 2<br \/>\nLa Esperanza 7- Am\u00e9rica 0<br \/>\nParan\u00e1 6 &#8211; Def. Unidos 2<\/p>\n<p><em>2\u00b0 fecha<\/em><br \/>\nAtl\u00e9tico 6- Alsina 0<br \/>\nSportivo 8-Portela 0<\/p>\n<p><em>Pr\u00f3xima fecha<\/em><br \/>\n3ra fecha (5 de noviembre)<br \/>\nCancha de Rivadavia<br \/>\nFundici\u00f3n-Alsina<br \/>\nRivadavia-Portela (21.15 horas)<\/p>\n<p><em>2da fecha (6 de noviembre)<\/em><br \/>\nCancha: Gral. San Mart\u00edn<br \/>\nGral. San Mart\u00edn-Central C\u00f3rdoba (20.30 horas)<br \/>\nCancha: Las Palmeras<br \/>\nIndependencia-La Esperanza (10.00)<br \/>\nBanfield- Paran\u00e1 (20.15)<br \/>\nSan Roque-Las Palmeras (21.30)<\/p>\n<p><strong>Mitre convoca para el viernes 9 de noviembre<\/strong><br \/>\nA trav\u00e9s de la p\u00e1gina web del club y en Facebook, el club Atl\u00e9tico Mitre hace un llamado para definir si juega el regional Amateur 2019, teniendo en cuenta que la Liga de San Pedro es una de las pocas en condiciones de disputar y Mitre por m\u00e9rito deportivo su representante.<br \/>\nLa convocatoria es la siguiente:<\/p>\n<p><strong>Torneo regional amateur: Convocatoria.<\/strong><br \/>\nPor este medio queremos convocar a todos los socios y simpatizantes del Club Atl\u00e9tico Mitre para el d\u00eda viernes 9 de noviembre a las 21 horas en el predio de R\u00f3mulo Nah\u00f3n y Caseros a fin de debatir sobre la participaci\u00f3n de la instituci\u00f3n en el Torneo Regional Amateur 2019.<br \/>\nEs importante conocer la opini\u00f3n de todos para poder evaluar la disponibilidad de material humano y econ\u00f3mico que contamos, para afrontar un torneo al que hay que confirmar en breve la participaci\u00f3n o no, sin aun quedar claro su exigencia, desarrollo, cantidad de equipos y distancias a movilizarse.<br \/>\nLa comisi\u00f3n directiva y toda la gente que est\u00e1 ligada al f\u00fatbol de Mitre est\u00e1 entusiasmada con la posibilidad, pero tambi\u00e9n est\u00e1 convencida que esta decisi\u00f3n merece un debate general, tanto de los que apoyan la idea como los que la desechan, para finalmente elegir el camino correcto que priorice b\u00e1sicamente el cuidado del patrimonio humano y material del rojo.<br \/>\nLos esperamos.<br \/>\nComisi\u00f3n directiva<\/p>\n<p><strong>Federaci\u00f3n Norte convoca a quienes deseen jugar el Torneo de Clubes mayores 2019<\/strong><br \/>\nFNF informa a trav\u00e9s de la presente que la Federaci\u00f3n Norte de F\u00fatbol de la Provincia de Buenos Aires organizar\u00e1 como habitualmente lo viene haciendo, el Torneo anual de Clubes categor\u00eda Mayores, edici\u00f3n 2019 que tendr\u00eda inicio a mediados de enero 2019. Por tal raz\u00f3n se est\u00e1 tratando de recabar informaci\u00f3n sobre cantidad de participantes a efecto de diagramaci\u00f3n de torneo y evaluaci\u00f3n de costos, de acuerdo a los premios que una vez m\u00e1s la Federaci\u00f3n quiere disponer para la mayor cantidad de beneficiados posible. Las Palmeras es uno de los clubes de nuestra liga con intenciones de disputar el certamen.<\/p>\n<p><strong>El femenino empat\u00f3 ante Todd FC<\/strong><br \/>\nEn cancha del club El Porvenir jug\u00f3 el jueves el selectivo femenino de San Pedro ante Todd FC, segunda ronda del torneo regional. Fue empate 2-2, goles para las sampedrinas de Laila Piatti en dos ocasiones y Patricia Amores para la visita tambi\u00e9n por partida doble.<\/p>\n<p><strong>Perdi\u00f3 Independencia en San Nicol\u00e1s<\/strong><br \/>\nPor el Torneo de Clubes Sub 13, el elenco de nuestra liga perdi\u00f3 en octavos de final 2 a 1, partido de ida, ante Regatas de San Nicol\u00e1s. El \u00fanico gol lo marc\u00f3 Melgar.<br \/>\nIndependencia gan\u00f3 la ronda clasificatoria y se ubic\u00f3 cuarto entre 32 equipo en la tabla general, ya con Regatas comparti\u00f3 zona, a quien venci\u00f3 en San Nicol\u00e1s 3-1 e igual\u00f3 en San Pedro 2-2.<br \/>\nNo era un rival f\u00e1cil, los nicole\u00f1os tambi\u00e9n hicieron una gran campa\u00f1a, cayendo s\u00f3lo con \u201cencia\u201d y el destino los cruza nuevamente. Gan\u00f3 Regatas 2 a 1 (2-0 en la etapa inicial) y la semana pr\u00f3xima la revancha en San Pedro. Los goles los marcaron Serafin Galardi y Agustin Delgado para el local y Melgar en la visita.<\/p>\n","protected":false},"excerpt":{"rendered":"<p>Comienzan a jugarse los cuartos de final para Primera divisi\u00f3n y los partidos de ida semifinales de las restantes cuatro categor\u00edas de la liga sampetrina. El programa completo, seg\u00fan informaci\u00f3n oficial es la siguiente: Sanciones del Tribunal de Disciplina Con 1 partido Soto Facundo Rom\u00e1n Cvitanich Bruno Erpen Amadeo Moreno Monz\u00f3n Zapata Ignacio Soto Braian [&hellip;]<\/p>\n","protected":false},"author":4,"featured_media":35528,"comment_status":"open","ping_status":"closed","sticky":false,"template":"","format":"standard","meta":{"om_disable_all_campaigns":false,"_jetpack_memberships_contains_paid_content":false,"footnotes":""},"categories":[5],"tags":[],"class_list":["post-42934","post","type-post","status-publish","format-standard","has-post-thumbnail","hentry","category-deportes"],"aioseo_notices":[],"gutentor_comment":0,"jetpack_featured_media_url":"https:\/\/eldiariodesanpedro.com.ar\/sitio\/wp-content\/uploads\/2018\/06\/futbol-5.jpg","jetpack_shortlink":"https:\/\/wp.me\/p6RhLt-bau","jetpack_sharing_enabled":true,"_links":{"self":[{"href":"https:\/\/eldiariodesanpedro.com.ar\/sitio\/wp-json\/wp\/v2\/posts\/42934","targetHints":{"allow":["GET"]}}],"collection":[{"href":"https:\/\/eldiariodesanpedro.com.ar\/sitio\/wp-json\/wp\/v2\/posts"}],"about":[{"href":"https:\/\/eldiariodesanpedro.com.ar\/sitio\/wp-json\/wp\/v2\/types\/post"}],"author":[{"embeddable":true,"href":"https:\/\/eldiariodesanpedro.com.ar\/sitio\/wp-json\/wp\/v2\/users\/4"}],"replies":[{"embeddable":true,"href":"https:\/\/eldiariodesanpedro.com.ar\/sitio\/wp-json\/wp\/v2\/comments?post=42934"}],"version-history":[{"count":2,"href":"https:\/\/eldiariodesanpedro.com.ar\/sitio\/wp-json\/wp\/v2\/posts\/42934\/revisions"}],"predecessor-version":[{"id":42938,"href":"https:\/\/eldiariodesanpedro.com.ar\/sitio\/wp-json\/wp\/v2\/posts\/42934\/revisions\/42938"}],"wp:featuredmedia":[{"embeddable":true,"href":"https:\/\/eldiariodesanpedro.com.ar\/sitio\/wp-json\/wp\/v2\/media\/35528"}],"wp:attachment":[{"href":"https:\/\/eldiariodesanpedro.com.ar\/sitio\/wp-json\/wp\/v2\/media?parent=42934"}],"wp:term":[{"taxonomy":"category","embeddable":true,"href":"https:\/\/eldiariodesanpedro.com.ar\/sitio\/wp-json\/wp\/v2\/categories?post=42934"},{"taxonomy":"post_tag","embeddable":true,"href":"https:\/\/eldiariodesanpedro.com.ar\/sitio\/wp-json\/wp\/v2\/tags?post=42934"}],"curies":[{"name":"wp","href":"https:\/\/api.w.org\/{rel}","templated":true}]}}