{"id":42930,"date":"2018-11-02T10:47:36","date_gmt":"2018-11-02T13:47:36","guid":{"rendered":"https:\/\/eldiariodesanpedro.com.ar\/sitio\/?p=42930"},"modified":"2018-11-02T10:47:36","modified_gmt":"2018-11-02T13:47:36","slug":"san-nicolas-vuelco-de-un-camion-en-la-autopista","status":"publish","type":"post","link":"https:\/\/eldiariodesanpedro.com.ar\/sitio\/san-nicolas-vuelco-de-un-camion-en-la-autopista\/","title":{"rendered":"SAN NICOLAS: Vuelco de un cami\u00f3n en la autopista"},"content":{"rendered":"<p><!-- VideographyWP Plugin Message: Automatic video embedding prevented by plugin options. --><br \/>\nAlrededor de las 7:00 de este viernes, un cami\u00f3n Mercedes Benz con semirremolque volc\u00f3 en el kil\u00f3metro 232 de la Ruta 9 sentido Buenos Aires &#8211; Rosario.<\/p>\n<p>El veh\u00edculo era conducido por Andr\u00e9s L\u00f3pez, domiciliado en la provincia de Corriente. Transportaba l\u00e1cteos para la empresa Junior.<\/p>\n<p>El conductor result\u00f3 ileso y fue asistido por personal de Polic\u00eda Vial que intervino desviando el tr\u00e1nsito por colectora.<\/p>\n<p>Fuente: Diario El Informante<\/p>\n","protected":false},"excerpt":{"rendered":"<p>Alrededor de las 7:00 de este viernes, un cami\u00f3n Mercedes Benz con semirremolque volc\u00f3 en el kil\u00f3metro 232 de la Ruta 9 sentido Buenos Aires &#8211; Rosario. El veh\u00edculo era conducido por Andr\u00e9s L\u00f3pez, domiciliado en la provincia de Corriente. Transportaba l\u00e1cteos para la empresa Junior. El conductor result\u00f3 ileso y fue asistido por personal [&hellip;]<\/p>\n","protected":false},"author":4,"featured_media":42931,"comment_status":"open","ping_status":"closed","sticky":false,"template":"","format":"standard","meta":{"om_disable_all_campaigns":false,"_jetpack_memberships_contains_paid_content":false,"footnotes":""},"categories":[621],"tags":[],"class_list":["post-42930","post","type-post","status-publish","format-standard","has-post-thumbnail","hentry","category-regionales"],"aioseo_notices":[],"gutentor_comment":0,"jetpack_featured_media_url":"https:\/\/eldiariodesanpedro.com.ar\/sitio\/wp-content\/uploads\/2018\/11\/PAGINA-6-1.jpg","jetpack_shortlink":"https:\/\/wp.me\/p6RhLt-baq","jetpack_sharing_enabled":true,"_links":{"self":[{"href":"https:\/\/eldiariodesanpedro.com.ar\/sitio\/wp-json\/wp\/v2\/posts\/42930","targetHints":{"allow":["GET"]}}],"collection":[{"href":"https:\/\/eldiariodesanpedro.com.ar\/sitio\/wp-json\/wp\/v2\/posts"}],"about":[{"href":"https:\/\/eldiariodesanpedro.com.ar\/sitio\/wp-json\/wp\/v2\/types\/post"}],"author":[{"embeddable":true,"href":"https:\/\/eldiariodesanpedro.com.ar\/sitio\/wp-json\/wp\/v2\/users\/4"}],"replies":[{"embeddable":true,"href":"https:\/\/eldiariodesanpedro.com.ar\/sitio\/wp-json\/wp\/v2\/comments?post=42930"}],"version-history":[{"count":1,"href":"https:\/\/eldiariodesanpedro.com.ar\/sitio\/wp-json\/wp\/v2\/posts\/42930\/revisions"}],"predecessor-version":[{"id":42932,"href":"https:\/\/eldiariodesanpedro.com.ar\/sitio\/wp-json\/wp\/v2\/posts\/42930\/revisions\/42932"}],"wp:featuredmedia":[{"embeddable":true,"href":"https:\/\/eldiariodesanpedro.com.ar\/sitio\/wp-json\/wp\/v2\/media\/42931"}],"wp:attachment":[{"href":"https:\/\/eldiariodesanpedro.com.ar\/sitio\/wp-json\/wp\/v2\/media?parent=42930"}],"wp:term":[{"taxonomy":"category","embeddable":true,"href":"https:\/\/eldiariodesanpedro.com.ar\/sitio\/wp-json\/wp\/v2\/categories?post=42930"},{"taxonomy":"post_tag","embeddable":true,"href":"https:\/\/eldiariodesanpedro.com.ar\/sitio\/wp-json\/wp\/v2\/tags?post=42930"}],"curies":[{"name":"wp","href":"https:\/\/api.w.org\/{rel}","templated":true}]}}