{"id":42926,"date":"2018-11-02T10:43:12","date_gmt":"2018-11-02T13:43:12","guid":{"rendered":"https:\/\/eldiariodesanpedro.com.ar\/sitio\/?p=42926"},"modified":"2018-11-02T10:43:12","modified_gmt":"2018-11-02T13:43:12","slug":"arrecifes-radicaron-una-denuncia-por-la-ola-de-envenenamiento-de-perros","status":"publish","type":"post","link":"https:\/\/eldiariodesanpedro.com.ar\/sitio\/arrecifes-radicaron-una-denuncia-por-la-ola-de-envenenamiento-de-perros\/","title":{"rendered":"ARRECIFES: Radicaron una denuncia por la ola de envenenamiento de perros"},"content":{"rendered":"<p><!-- VideographyWP Plugin Message: Automatic video embedding prevented by plugin options. --><br \/>\nSeg\u00fan una consulta realizada por Radio Uno (107.1) a distintas veterinarias de Arrecifes, en los \u00faltimos d\u00edas se han atendido m\u00e1s de 30 casos de intoxicaci\u00f3n de perros de nuestra ciudad.<\/p>\n<p>Los canes presentan s\u00edntomas de haber consumido sustancias t\u00f3xicas no compatibles con alimentos. Los atendidos a tiempo se est\u00e1n recuperando y otros muchos se han encontrado muertos en la v\u00eda p\u00fablica.<\/p>\n<p>Se sospecha que alguien est\u00e1 dedic\u00e1ndose a esta condenable tarea de arrojar veneno en algunas zonas de la ciudad. Varios casos de perros con este cuadro se han presentado entre Villa Sanguinetti y la ruta 51.<\/p>\n<p>A ra\u00edz de ello, trascendi\u00f3 que en la ma\u00f1ana de este jueves una mujer proteccionista de animales se present\u00f3 en a Ayudant\u00eda Fiscal a radicar la correspondiente denuncia aportando indicios y pruebas de esta ola de envenenamientos en Arrecifes. Ojal\u00e1 se investigue debidamente y se llegue a dar con el o los responsables.<\/p>\n<p>Fuente: Arrecifes Noticias<\/p>\n","protected":false},"excerpt":{"rendered":"<p>Seg\u00fan una consulta realizada por Radio Uno (107.1) a distintas veterinarias de Arrecifes, en los \u00faltimos d\u00edas se han atendido m\u00e1s de 30 casos de intoxicaci\u00f3n de perros de nuestra ciudad. Los canes presentan s\u00edntomas de haber consumido sustancias t\u00f3xicas no compatibles con alimentos. Los atendidos a tiempo se est\u00e1n recuperando y otros muchos se [&hellip;]<\/p>\n","protected":false},"author":4,"featured_media":42927,"comment_status":"open","ping_status":"closed","sticky":false,"template":"","format":"standard","meta":{"om_disable_all_campaigns":false,"_jetpack_memberships_contains_paid_content":false,"footnotes":""},"categories":[621],"tags":[],"class_list":["post-42926","post","type-post","status-publish","format-standard","has-post-thumbnail","hentry","category-regionales"],"aioseo_notices":[],"gutentor_comment":0,"jetpack_featured_media_url":"https:\/\/eldiariodesanpedro.com.ar\/sitio\/wp-content\/uploads\/2018\/11\/Perro-veterinaria-701x510.jpg","jetpack_shortlink":"https:\/\/wp.me\/p6RhLt-bam","jetpack_sharing_enabled":true,"_links":{"self":[{"href":"https:\/\/eldiariodesanpedro.com.ar\/sitio\/wp-json\/wp\/v2\/posts\/42926","targetHints":{"allow":["GET"]}}],"collection":[{"href":"https:\/\/eldiariodesanpedro.com.ar\/sitio\/wp-json\/wp\/v2\/posts"}],"about":[{"href":"https:\/\/eldiariodesanpedro.com.ar\/sitio\/wp-json\/wp\/v2\/types\/post"}],"author":[{"embeddable":true,"href":"https:\/\/eldiariodesanpedro.com.ar\/sitio\/wp-json\/wp\/v2\/users\/4"}],"replies":[{"embeddable":true,"href":"https:\/\/eldiariodesanpedro.com.ar\/sitio\/wp-json\/wp\/v2\/comments?post=42926"}],"version-history":[{"count":1,"href":"https:\/\/eldiariodesanpedro.com.ar\/sitio\/wp-json\/wp\/v2\/posts\/42926\/revisions"}],"predecessor-version":[{"id":42928,"href":"https:\/\/eldiariodesanpedro.com.ar\/sitio\/wp-json\/wp\/v2\/posts\/42926\/revisions\/42928"}],"wp:featuredmedia":[{"embeddable":true,"href":"https:\/\/eldiariodesanpedro.com.ar\/sitio\/wp-json\/wp\/v2\/media\/42927"}],"wp:attachment":[{"href":"https:\/\/eldiariodesanpedro.com.ar\/sitio\/wp-json\/wp\/v2\/media?parent=42926"}],"wp:term":[{"taxonomy":"category","embeddable":true,"href":"https:\/\/eldiariodesanpedro.com.ar\/sitio\/wp-json\/wp\/v2\/categories?post=42926"},{"taxonomy":"post_tag","embeddable":true,"href":"https:\/\/eldiariodesanpedro.com.ar\/sitio\/wp-json\/wp\/v2\/tags?post=42926"}],"curies":[{"name":"wp","href":"https:\/\/api.w.org\/{rel}","templated":true}]}}