{"id":42923,"date":"2018-11-02T10:36:00","date_gmt":"2018-11-02T13:36:00","guid":{"rendered":"https:\/\/eldiariodesanpedro.com.ar\/sitio\/?p=42923"},"modified":"2018-11-02T10:36:00","modified_gmt":"2018-11-02T13:36:00","slug":"campana-secuestraron-un-arsenal-de-armas-de-guerra-que-iba-con-destino-a-campana","status":"publish","type":"post","link":"https:\/\/eldiariodesanpedro.com.ar\/sitio\/campana-secuestraron-un-arsenal-de-armas-de-guerra-que-iba-con-destino-a-campana\/","title":{"rendered":"CAMPANA: Secuestraron un arsenal de armas de guerra que iba con destino a Campana"},"content":{"rendered":"<p><!-- VideographyWP Plugin Message: Automatic video embedding prevented by plugin options. --><br \/>\nEl remitente estaba a nombre de Michael Nu\u00f1ez y se describ\u00eda el contenido como \u00abindumentaria deportiva\u00bb. El destinatario era Sergio P. Alanis, con domicilio en la calle Juan Domingo Per\u00f3n 436, Campana, Buenos Aires.<\/p>\n<p>La Agencia Federal de Inteligencia (AFI) colabor\u00f3 en el secuestro de 100 armas de alto calibre provenientes de Estados Unidos.Tambi\u00e9n participaron Gendarmer\u00eda Nacional, Homeland Security y la Aduana.<\/p>\n<p>El operativo fue a ra\u00edz de una causa tramitada en el juzgado nacional en lo Penal Econ\u00f3mico N\u00b02 que investiga a una organizaci\u00f3n trasnacional que se dedicar\u00eda al contrabando de armas de fuego en Argentina.<\/p>\n<p>A trav\u00e9s de tareas de inteligencia realizadas por la AFI, se logr\u00f3 detectar un paquete que contendr\u00eda aproximadamente 100 piezas de armas de alto calibre remitido por la \u201cOficina Postal de Estados Unidos\u201d.<\/p>\n<p>Por disposici\u00f3n del juez, se arregl\u00f3 una entrega controlada y se sustituyeron piezas de las armas por partes de madera. Una vez secuestrado el arsenal, qued\u00f3 bajo custodia de funcionarios de \u201cHomeland Security Investigation Miami\u201d. Finalmente, a trav\u00e9s de escuchas telef\u00f3nicas se detect\u00f3 que los responsables habr\u00edan sido alertados mediante una filtraci\u00f3n en el correo.<\/p>\n<p>A partir de ello, este jueves se procedi\u00f3 a iniciar distintos allanamientos en dos domicilios de la provincia de Mendoza, uno en R\u00edo Tercero (C\u00f3rdoba), uno en Haedo y cuatro en la ciudad de Buenos Aires.<\/p>\n","protected":false},"excerpt":{"rendered":"<p>El remitente estaba a nombre de Michael Nu\u00f1ez y se describ\u00eda el contenido como \u00abindumentaria deportiva\u00bb. El destinatario era Sergio P. Alanis, con domicilio en la calle Juan Domingo Per\u00f3n 436, Campana, Buenos Aires. La Agencia Federal de Inteligencia (AFI) colabor\u00f3 en el secuestro de 100 armas de alto calibre provenientes de Estados Unidos.Tambi\u00e9n participaron [&hellip;]<\/p>\n","protected":false},"author":4,"featured_media":42924,"comment_status":"open","ping_status":"closed","sticky":false,"template":"","format":"standard","meta":{"om_disable_all_campaigns":false,"_jetpack_memberships_contains_paid_content":false,"footnotes":""},"categories":[621],"tags":[],"class_list":["post-42923","post","type-post","status-publish","format-standard","has-post-thumbnail","hentry","category-regionales"],"aioseo_notices":[],"gutentor_comment":0,"jetpack_featured_media_url":"https:\/\/eldiariodesanpedro.com.ar\/sitio\/wp-content\/uploads\/2018\/11\/2018-11-02.png","jetpack_shortlink":"https:\/\/wp.me\/p6RhLt-baj","jetpack_sharing_enabled":true,"_links":{"self":[{"href":"https:\/\/eldiariodesanpedro.com.ar\/sitio\/wp-json\/wp\/v2\/posts\/42923","targetHints":{"allow":["GET"]}}],"collection":[{"href":"https:\/\/eldiariodesanpedro.com.ar\/sitio\/wp-json\/wp\/v2\/posts"}],"about":[{"href":"https:\/\/eldiariodesanpedro.com.ar\/sitio\/wp-json\/wp\/v2\/types\/post"}],"author":[{"embeddable":true,"href":"https:\/\/eldiariodesanpedro.com.ar\/sitio\/wp-json\/wp\/v2\/users\/4"}],"replies":[{"embeddable":true,"href":"https:\/\/eldiariodesanpedro.com.ar\/sitio\/wp-json\/wp\/v2\/comments?post=42923"}],"version-history":[{"count":1,"href":"https:\/\/eldiariodesanpedro.com.ar\/sitio\/wp-json\/wp\/v2\/posts\/42923\/revisions"}],"predecessor-version":[{"id":42925,"href":"https:\/\/eldiariodesanpedro.com.ar\/sitio\/wp-json\/wp\/v2\/posts\/42923\/revisions\/42925"}],"wp:featuredmedia":[{"embeddable":true,"href":"https:\/\/eldiariodesanpedro.com.ar\/sitio\/wp-json\/wp\/v2\/media\/42924"}],"wp:attachment":[{"href":"https:\/\/eldiariodesanpedro.com.ar\/sitio\/wp-json\/wp\/v2\/media?parent=42923"}],"wp:term":[{"taxonomy":"category","embeddable":true,"href":"https:\/\/eldiariodesanpedro.com.ar\/sitio\/wp-json\/wp\/v2\/categories?post=42923"},{"taxonomy":"post_tag","embeddable":true,"href":"https:\/\/eldiariodesanpedro.com.ar\/sitio\/wp-json\/wp\/v2\/tags?post=42923"}],"curies":[{"name":"wp","href":"https:\/\/api.w.org\/{rel}","templated":true}]}}