{"id":42921,"date":"2018-11-02T10:43:40","date_gmt":"2018-11-02T13:43:40","guid":{"rendered":"https:\/\/eldiariodesanpedro.com.ar\/sitio\/?p=42921"},"modified":"2018-11-02T10:43:40","modified_gmt":"2018-11-02T13:43:40","slug":"accidente-una-motocicleta-colisiono-con-un-auto-vw-gol","status":"publish","type":"post","link":"https:\/\/eldiariodesanpedro.com.ar\/sitio\/accidente-una-motocicleta-colisiono-con-un-auto-vw-gol\/","title":{"rendered":"Accidente: Una motocicleta colision\u00f3 con un auto VW Gol"},"content":{"rendered":"<p><!-- VideographyWP Plugin Message: Automatic video embedding prevented by plugin options. --><br \/>\nFue por la tarde del jueves, en intersecci\u00f3n de las calle Chacabuco y Ansaloni, donde por causas que se tratan de establecer, se produjo un accidente entre una motocicleta 110 y un auto VW Gol.<\/p>\n<p>Como consecuencias, el rodado menor era conducido por un joven que fue trasladado por la ambulancia del SAME dictaminando el m\u00e9dico de guardia excoriaciones y politraumatismos varios, fractura f\u00e9mur; el auto era manejado por una mujer, que result\u00f3 ilesa.<\/p>\n<p>Investiga el hecho la fiscal\u00eda en turno de San Pedro<\/p>\n","protected":false},"excerpt":{"rendered":"<p>Fue por la tarde del jueves, en intersecci\u00f3n de las calle Chacabuco y Ansaloni, donde por causas que se tratan de establecer, se produjo un accidente entre una motocicleta 110 y un auto VW Gol. Como consecuencias, el rodado menor era conducido por un joven que fue trasladado por la ambulancia del SAME dictaminando el [&hellip;]<\/p>\n","protected":false},"author":4,"featured_media":27202,"comment_status":"open","ping_status":"closed","sticky":false,"template":"","format":"standard","meta":{"om_disable_all_campaigns":false,"_jetpack_memberships_contains_paid_content":false,"footnotes":""},"categories":[2,103],"tags":[],"class_list":["post-42921","post","type-post","status-publish","format-standard","has-post-thumbnail","hentry","category-locales","category-policiales-locales"],"aioseo_notices":[],"gutentor_comment":0,"jetpack_featured_media_url":"https:\/\/eldiariodesanpedro.com.ar\/sitio\/wp-content\/uploads\/2017\/12\/ambulancia-same-provincia.jpg","jetpack_shortlink":"https:\/\/wp.me\/p6RhLt-bah","jetpack_sharing_enabled":true,"_links":{"self":[{"href":"https:\/\/eldiariodesanpedro.com.ar\/sitio\/wp-json\/wp\/v2\/posts\/42921","targetHints":{"allow":["GET"]}}],"collection":[{"href":"https:\/\/eldiariodesanpedro.com.ar\/sitio\/wp-json\/wp\/v2\/posts"}],"about":[{"href":"https:\/\/eldiariodesanpedro.com.ar\/sitio\/wp-json\/wp\/v2\/types\/post"}],"author":[{"embeddable":true,"href":"https:\/\/eldiariodesanpedro.com.ar\/sitio\/wp-json\/wp\/v2\/users\/4"}],"replies":[{"embeddable":true,"href":"https:\/\/eldiariodesanpedro.com.ar\/sitio\/wp-json\/wp\/v2\/comments?post=42921"}],"version-history":[{"count":1,"href":"https:\/\/eldiariodesanpedro.com.ar\/sitio\/wp-json\/wp\/v2\/posts\/42921\/revisions"}],"predecessor-version":[{"id":42929,"href":"https:\/\/eldiariodesanpedro.com.ar\/sitio\/wp-json\/wp\/v2\/posts\/42921\/revisions\/42929"}],"wp:featuredmedia":[{"embeddable":true,"href":"https:\/\/eldiariodesanpedro.com.ar\/sitio\/wp-json\/wp\/v2\/media\/27202"}],"wp:attachment":[{"href":"https:\/\/eldiariodesanpedro.com.ar\/sitio\/wp-json\/wp\/v2\/media?parent=42921"}],"wp:term":[{"taxonomy":"category","embeddable":true,"href":"https:\/\/eldiariodesanpedro.com.ar\/sitio\/wp-json\/wp\/v2\/categories?post=42921"},{"taxonomy":"post_tag","embeddable":true,"href":"https:\/\/eldiariodesanpedro.com.ar\/sitio\/wp-json\/wp\/v2\/tags?post=42921"}],"curies":[{"name":"wp","href":"https:\/\/api.w.org\/{rel}","templated":true}]}}