{"id":42915,"date":"2018-11-02T10:30:47","date_gmt":"2018-11-02T13:30:47","guid":{"rendered":"https:\/\/eldiariodesanpedro.com.ar\/sitio\/?p=42915"},"modified":"2018-11-02T10:30:47","modified_gmt":"2018-11-02T13:30:47","slug":"baradero-pre-baradero-2019-asi-canta-el-corazon-de-misiones-una-fiesta-de-la-danza-y-el-folclore","status":"publish","type":"post","link":"https:\/\/eldiariodesanpedro.com.ar\/sitio\/baradero-pre-baradero-2019-asi-canta-el-corazon-de-misiones-una-fiesta-de-la-danza-y-el-folclore\/","title":{"rendered":"BARADERO: Pre Baradero 2019: As\u00ed canta el coraz\u00f3n de Misiones\u2019, una fiesta de la danza y el folclore"},"content":{"rendered":"<p><!-- VideographyWP Plugin Message: Automatic video embedding prevented by plugin options. --><br \/>\nCon la presentaci\u00f3n de escuelas de danzas, grupos y solistas folcl\u00f3ricos para el Pre Baradero, arranco este jueves una edici\u00f3n m\u00e1s del festival \u2018As\u00ed canta el coraz\u00f3n de Misiones\u2019 en el Parque de las Colectividades de Dos de Mayo, desde las 21. Hasta el domingo la localidad se viste de fiesta para compartir m\u00fasica, danza y tradici\u00f3n.<\/p>\n<p>El Festival de Baradero es un encuentro nacional de folclore que tiene diferentes categor\u00edas y disciplinas. Es la segunda vez que la selecci\u00f3n provincial para este festival se realiza en el marco de \u2018As\u00ed Canta el coraz\u00f3n de Misiones\u2019. Este evento re\u00fane a diversas escuelas de danzas de Dos de Mayo y de la provincia y el acceso es libre y gratuito.<\/p>\n<p>Desde los inicios, \u2018As\u00ed canta el coraz\u00f3n de Misiones\u2019 tiene como objetivo principal promocionar a los artistas musicales y de danzas folcl\u00f3ricas de la zona, a lo que se fueron sumando a\u00f1o a a\u00f1o otros rubros musicales, tambi\u00e9n acompa\u00f1ando la participaci\u00f3n de colectividades.<\/p>\n<p>Los visitantes podr\u00e1n disfrutar desde ma\u00f1ana de las comidas t\u00edpicas que ofrece cada colectividad en sus casas, dando marco a toda la presentaci\u00f3n gastron\u00f3mica de los inmigrantes. Hoy, en tanto, est\u00e1 prevista una cantina a cargo de la comisi\u00f3n organizadora de la fiesta.<\/p>\n<p>El viernes la apertura ser\u00e1 a las 20.30 con entrada libre y gratuita. Habr\u00e1 show de colectividades y se elegir\u00e1 a la nueva soberana entre las representantes de las distintas colectividades que participan del festival. La m\u00fasica estar\u00e1 a cargo de Montecarlo Soul, Leo Da Silva y su grupo, Katana y el Dj Guillermo Atencio.<\/p>\n<p>El s\u00e1bado la entrada general ser\u00e1 de 100 pesos y 150 por pareja, y se presentar\u00e1 el programa de Misiones al Mercosur desde las 18. Desde las 22 est\u00e1 prevista la presentaci\u00f3n de Jorge Ratoski y Cristian y La ruta. El domingo saldr\u00e1 el tradicional almuerzo con la sobremesa a cargo de grupos locales y la presentaci\u00f3n especial de Fabi\u00e1n Meza.<\/p>\n<p>Fuente: Baradero Te Informa<\/p>\n","protected":false},"excerpt":{"rendered":"<p>Con la presentaci\u00f3n de escuelas de danzas, grupos y solistas folcl\u00f3ricos para el Pre Baradero, arranco este jueves una edici\u00f3n m\u00e1s del festival \u2018As\u00ed canta el coraz\u00f3n de Misiones\u2019 en el Parque de las Colectividades de Dos de Mayo, desde las 21. Hasta el domingo la localidad se viste de fiesta para compartir m\u00fasica, danza [&hellip;]<\/p>\n","protected":false},"author":4,"featured_media":42919,"comment_status":"open","ping_status":"closed","sticky":false,"template":"","format":"standard","meta":{"om_disable_all_campaigns":false,"_jetpack_memberships_contains_paid_content":false,"footnotes":""},"categories":[621],"tags":[],"class_list":["post-42915","post","type-post","status-publish","format-standard","has-post-thumbnail","hentry","category-regionales"],"aioseo_notices":[],"gutentor_comment":0,"jetpack_featured_media_url":"https:\/\/eldiariodesanpedro.com.ar\/sitio\/wp-content\/uploads\/2018\/11\/PAGINA-7.jpg","jetpack_shortlink":"https:\/\/wp.me\/p6RhLt-bab","jetpack_sharing_enabled":true,"_links":{"self":[{"href":"https:\/\/eldiariodesanpedro.com.ar\/sitio\/wp-json\/wp\/v2\/posts\/42915","targetHints":{"allow":["GET"]}}],"collection":[{"href":"https:\/\/eldiariodesanpedro.com.ar\/sitio\/wp-json\/wp\/v2\/posts"}],"about":[{"href":"https:\/\/eldiariodesanpedro.com.ar\/sitio\/wp-json\/wp\/v2\/types\/post"}],"author":[{"embeddable":true,"href":"https:\/\/eldiariodesanpedro.com.ar\/sitio\/wp-json\/wp\/v2\/users\/4"}],"replies":[{"embeddable":true,"href":"https:\/\/eldiariodesanpedro.com.ar\/sitio\/wp-json\/wp\/v2\/comments?post=42915"}],"version-history":[{"count":1,"href":"https:\/\/eldiariodesanpedro.com.ar\/sitio\/wp-json\/wp\/v2\/posts\/42915\/revisions"}],"predecessor-version":[{"id":42922,"href":"https:\/\/eldiariodesanpedro.com.ar\/sitio\/wp-json\/wp\/v2\/posts\/42915\/revisions\/42922"}],"wp:featuredmedia":[{"embeddable":true,"href":"https:\/\/eldiariodesanpedro.com.ar\/sitio\/wp-json\/wp\/v2\/media\/42919"}],"wp:attachment":[{"href":"https:\/\/eldiariodesanpedro.com.ar\/sitio\/wp-json\/wp\/v2\/media?parent=42915"}],"wp:term":[{"taxonomy":"category","embeddable":true,"href":"https:\/\/eldiariodesanpedro.com.ar\/sitio\/wp-json\/wp\/v2\/categories?post=42915"},{"taxonomy":"post_tag","embeddable":true,"href":"https:\/\/eldiariodesanpedro.com.ar\/sitio\/wp-json\/wp\/v2\/tags?post=42915"}],"curies":[{"name":"wp","href":"https:\/\/api.w.org\/{rel}","templated":true}]}}