{"id":42912,"date":"2018-11-02T10:26:12","date_gmt":"2018-11-02T13:26:12","guid":{"rendered":"https:\/\/eldiariodesanpedro.com.ar\/sitio\/?p=42912"},"modified":"2018-11-02T10:26:12","modified_gmt":"2018-11-02T13:26:12","slug":"hallaron-una-motocicleta-abandonada-que-habia-sido-robada-recientemente","status":"publish","type":"post","link":"https:\/\/eldiariodesanpedro.com.ar\/sitio\/hallaron-una-motocicleta-abandonada-que-habia-sido-robada-recientemente\/","title":{"rendered":"Hallaron una motocicleta abandonada que hab\u00eda sido robada recientemente"},"content":{"rendered":"<p><!-- VideographyWP Plugin Message: Automatic video embedding prevented by plugin options. --><br \/>\nEn la noche del jueves, promediando las 23hs, personal de la polic\u00eda local, hall\u00f3 una motocicleta marca Honda 125 cc, que se encontraba abandonada en intersecci\u00f3n de calle Espa\u00f1a y Rivadavia.<\/p>\n<p>Tras registrarla en el sistema informativo, result\u00f3 tener pedido de secuestro activo por un hecho de robo recientemente.<\/p>\n<p>Investiga el hecho la fiscal\u00eda en turno de San Pedro  <\/p>\n","protected":false},"excerpt":{"rendered":"<p>En la noche del jueves, promediando las 23hs, personal de la polic\u00eda local, hall\u00f3 una motocicleta marca Honda 125 cc, que se encontraba abandonada en intersecci\u00f3n de calle Espa\u00f1a y Rivadavia. Tras registrarla en el sistema informativo, result\u00f3 tener pedido de secuestro activo por un hecho de robo recientemente. Investiga el hecho la fiscal\u00eda en [&hellip;]<\/p>\n","protected":false},"author":4,"featured_media":42907,"comment_status":"open","ping_status":"closed","sticky":false,"template":"","format":"standard","meta":{"om_disable_all_campaigns":false,"_jetpack_memberships_contains_paid_content":false,"footnotes":""},"categories":[2,103],"tags":[],"class_list":["post-42912","post","type-post","status-publish","format-standard","has-post-thumbnail","hentry","category-locales","category-policiales-locales"],"aioseo_notices":[],"gutentor_comment":0,"jetpack_featured_media_url":"https:\/\/eldiariodesanpedro.com.ar\/sitio\/wp-content\/uploads\/2018\/11\/WhatsApp-Image-2018-11-02-at-09.26.13.jpeg","jetpack_shortlink":"https:\/\/wp.me\/p6RhLt-ba8","jetpack_sharing_enabled":true,"_links":{"self":[{"href":"https:\/\/eldiariodesanpedro.com.ar\/sitio\/wp-json\/wp\/v2\/posts\/42912","targetHints":{"allow":["GET"]}}],"collection":[{"href":"https:\/\/eldiariodesanpedro.com.ar\/sitio\/wp-json\/wp\/v2\/posts"}],"about":[{"href":"https:\/\/eldiariodesanpedro.com.ar\/sitio\/wp-json\/wp\/v2\/types\/post"}],"author":[{"embeddable":true,"href":"https:\/\/eldiariodesanpedro.com.ar\/sitio\/wp-json\/wp\/v2\/users\/4"}],"replies":[{"embeddable":true,"href":"https:\/\/eldiariodesanpedro.com.ar\/sitio\/wp-json\/wp\/v2\/comments?post=42912"}],"version-history":[{"count":2,"href":"https:\/\/eldiariodesanpedro.com.ar\/sitio\/wp-json\/wp\/v2\/posts\/42912\/revisions"}],"predecessor-version":[{"id":42918,"href":"https:\/\/eldiariodesanpedro.com.ar\/sitio\/wp-json\/wp\/v2\/posts\/42912\/revisions\/42918"}],"wp:featuredmedia":[{"embeddable":true,"href":"https:\/\/eldiariodesanpedro.com.ar\/sitio\/wp-json\/wp\/v2\/media\/42907"}],"wp:attachment":[{"href":"https:\/\/eldiariodesanpedro.com.ar\/sitio\/wp-json\/wp\/v2\/media?parent=42912"}],"wp:term":[{"taxonomy":"category","embeddable":true,"href":"https:\/\/eldiariodesanpedro.com.ar\/sitio\/wp-json\/wp\/v2\/categories?post=42912"},{"taxonomy":"post_tag","embeddable":true,"href":"https:\/\/eldiariodesanpedro.com.ar\/sitio\/wp-json\/wp\/v2\/tags?post=42912"}],"curies":[{"name":"wp","href":"https:\/\/api.w.org\/{rel}","templated":true}]}}