{"id":42910,"date":"2018-11-02T09:55:56","date_gmt":"2018-11-02T12:55:56","guid":{"rendered":"https:\/\/eldiariodesanpedro.com.ar\/sitio\/?p=42910"},"modified":"2018-11-02T09:55:56","modified_gmt":"2018-11-02T12:55:56","slug":"inscripcion-abierta-para-el-conservatorio-de-musica","status":"publish","type":"post","link":"https:\/\/eldiariodesanpedro.com.ar\/sitio\/inscripcion-abierta-para-el-conservatorio-de-musica\/","title":{"rendered":"Inscripci\u00f3n abierta para el Conservatorio de M\u00fasica"},"content":{"rendered":"<p><!-- VideographyWP Plugin Message: Automatic video embedding prevented by plugin options. --><br \/>\nEl Conservatorio Provincial de M\u00fasica de San Pedro \u00abCarlos Guastavino\u00bb inform\u00f3 sobre la apertura de la inscripci\u00f3n para el ciclo lectivo 2019.<br \/>\nLos interesados pueden presentarse hasta el 23 de Noviembre, en la sede de Lavalle 180. Las reinscripciones ser\u00e1n a partir del 12 de Noviembre. <\/p>\n<p>Los t\u00edtulos son oficiales y de validez nacional.<br \/>\nLas alternativas son las siguientes:  <\/p>\n<p>Formaciones B\u00e1sicas<br \/>\nNi\u00f1os y  pre adolescentes: (6 a\u00f1os)<br \/>\nJ\u00f3venes y adultos : (3 a\u00f1os)<\/p>\n<p>Especialidades:<br \/>\nPiano &#8211; guitarra- violoncello &#8211; viol\u00edn &#8211; canto popular &#8211; bajo el\u00e9ctrico &#8211;  clarinete &#8211; flauta traversa &#8211; saxof\u00f3n &#8211; percusi\u00f3n<br \/>\nIntensiva (1 a\u00f1o) \u2013 Trayecto de acceso al Profesorado de M\u00fasica Orientaci\u00f3n  Educaci\u00f3n Musical.<br \/>\nPruebas Nivelatorias: Para el ingreso al Profesorado de M\u00fasica Orientaci\u00f3n  Educaci\u00f3n Musical de aspirantes con conocimientos musicales adquiridos en \u00e1mbitos no formales.<br \/>\nProfesorados y Tecnicatura<br \/>\nProfesorado de M\u00fasica \u2013 Orientaci\u00f3n Educaci\u00f3n Musical (Resoluci\u00f3n 855\/11)<br \/>\nProfesorado en M\u00fasica \u2013 Orientaci\u00f3n Instrumental (Resoluci\u00f3n 13234\/99)<br \/>\nTecnicatura Superior en Capacitaci\u00f3n Instrumental (Resoluci\u00f3n 13235\/99)<\/p>\n<p>INFORMES<br \/>\nDirecci\u00f3n:   Lavalle N\u00ba 180, San Pedro<br \/>\nEmail:   sanpedroconservatorio@gmail.com<br \/>\nTEL  03329 425205<br \/>\nSitio Web:   cmsp-bue.infd.edu.ar<br \/>\nFacebook:   conservatoriodemusica.carlosguastavino<\/p>\n","protected":false},"excerpt":{"rendered":"<p>El Conservatorio Provincial de M\u00fasica de San Pedro \u00abCarlos Guastavino\u00bb inform\u00f3 sobre la apertura de la inscripci\u00f3n para el ciclo lectivo 2019. Los interesados pueden presentarse hasta el 23 de Noviembre, en la sede de Lavalle 180. Las reinscripciones ser\u00e1n a partir del 12 de Noviembre. Los t\u00edtulos son oficiales y de validez nacional. Las [&hellip;]<\/p>\n","protected":false},"author":4,"featured_media":42913,"comment_status":"open","ping_status":"closed","sticky":false,"template":"","format":"standard","meta":{"om_disable_all_campaigns":false,"_jetpack_memberships_contains_paid_content":false,"footnotes":""},"categories":[101,2],"tags":[],"class_list":["post-42910","post","type-post","status-publish","format-standard","has-post-thumbnail","hentry","category-interes-general-locales","category-locales"],"aioseo_notices":[],"gutentor_comment":0,"jetpack_featured_media_url":"https:\/\/eldiariodesanpedro.com.ar\/sitio\/wp-content\/uploads\/2018\/11\/WhatsApp-Image-2018-11-02-at-09.53.52.jpeg","jetpack_shortlink":"https:\/\/wp.me\/p6RhLt-ba6","jetpack_sharing_enabled":true,"_links":{"self":[{"href":"https:\/\/eldiariodesanpedro.com.ar\/sitio\/wp-json\/wp\/v2\/posts\/42910","targetHints":{"allow":["GET"]}}],"collection":[{"href":"https:\/\/eldiariodesanpedro.com.ar\/sitio\/wp-json\/wp\/v2\/posts"}],"about":[{"href":"https:\/\/eldiariodesanpedro.com.ar\/sitio\/wp-json\/wp\/v2\/types\/post"}],"author":[{"embeddable":true,"href":"https:\/\/eldiariodesanpedro.com.ar\/sitio\/wp-json\/wp\/v2\/users\/4"}],"replies":[{"embeddable":true,"href":"https:\/\/eldiariodesanpedro.com.ar\/sitio\/wp-json\/wp\/v2\/comments?post=42910"}],"version-history":[{"count":1,"href":"https:\/\/eldiariodesanpedro.com.ar\/sitio\/wp-json\/wp\/v2\/posts\/42910\/revisions"}],"predecessor-version":[{"id":42914,"href":"https:\/\/eldiariodesanpedro.com.ar\/sitio\/wp-json\/wp\/v2\/posts\/42910\/revisions\/42914"}],"wp:featuredmedia":[{"embeddable":true,"href":"https:\/\/eldiariodesanpedro.com.ar\/sitio\/wp-json\/wp\/v2\/media\/42913"}],"wp:attachment":[{"href":"https:\/\/eldiariodesanpedro.com.ar\/sitio\/wp-json\/wp\/v2\/media?parent=42910"}],"wp:term":[{"taxonomy":"category","embeddable":true,"href":"https:\/\/eldiariodesanpedro.com.ar\/sitio\/wp-json\/wp\/v2\/categories?post=42910"},{"taxonomy":"post_tag","embeddable":true,"href":"https:\/\/eldiariodesanpedro.com.ar\/sitio\/wp-json\/wp\/v2\/tags?post=42910"}],"curies":[{"name":"wp","href":"https:\/\/api.w.org\/{rel}","templated":true}]}}