{"id":42895,"date":"2018-11-02T08:51:30","date_gmt":"2018-11-02T11:51:30","guid":{"rendered":"https:\/\/eldiariodesanpedro.com.ar\/sitio\/?p=42895"},"modified":"2018-11-02T09:00:28","modified_gmt":"2018-11-02T12:00:28","slug":"fallecio-mario-sanchez-negrete","status":"publish","type":"post","link":"https:\/\/eldiariodesanpedro.com.ar\/sitio\/fallecio-mario-sanchez-negrete\/","title":{"rendered":"Fallecio Mario Sanchez Negrete"},"content":{"rendered":"<p><!-- VideographyWP Plugin Message: Automatic video embedding prevented by plugin options. --><br \/>\nDolor en el Municipio, el ex Secretario de Econom\u00eda falleci\u00f3 esta madrugada. , \u00abse nos fue un gran compa\u00f1ero\u00bb, compart\u00eda Silvio Corti unas palabras con los medios locales. En las pr\u00f3ximas horas, la Municipalidad informar\u00e1 el alcance del duelo.<\/p>\n<p>Mario ten\u00eda 56 a\u00f1os, asumi\u00f3 como Secretario de Hacienda y Econom\u00eda en el 2015, y a principios del 2018 tuvo que pedir licencia tras pelear por una dura enfermedad, desde ah\u00ed su ausencia en el Municipio que nunca dejaron de esperarlo, su reemplazo era de car\u00e1cter interino, \u00abten\u00edamos la esperanza de que vuelva a trabajar con nosotros, incluso la \u00faltima operaci\u00f3n hab\u00eda salido bien, nos vino a visitar y comparti\u00f3 unas reuniones con nosotros, era una excelente persona y siempre estaba muy comprometido con su trabajo, era dif\u00edcil seguirle el ritmo, se nos fue un gran compa\u00f1ero\u00bb, expresaron su dolor desde el Ejecutivo.<\/p>\n<p>Desde el Municipio tambi\u00e9n emitieron un comunicado expresando sus condolencias para sus familiares:<\/p>\n<p>\u00abEn nombre del Intendente Municipal de San Pedro, su gabinete, funcionarios y personal, expresamos nuestras condolencias a la familia del Dr. Mario S\u00e1nchez Negrete quien falleci\u00f3 a los 56 a\u00f1os.<\/p>\n<p>Despu\u00e9s de una extensa trayectoria como dirigente institucional y una participaci\u00f3n activa en organizaciones profesionales, asumi\u00f3 en el 2001 como Concejal Municipal de San Pedro y renov\u00f3 su mandato en el 2015 para luego de asumir solicitar licencia para integrarse al gabinete como Secretario de Econom\u00eda y Hacienda.<\/p>\n<p>A principios de este a\u00f1o tom\u00f3 licencia del cargo, para librar una dura dura batalla contra la enfermedad que lamentablemente lo venci\u00f3. <\/p>\n<p>Acompa\u00f1amos a todos sus seres queridos en estas horas tan dif\u00edciles y destacamos la enorme capacidad de trabajo y el compromiso demostrado con esta gesti\u00f3n, dedicando largas jornadas para revertir la delicada situaci\u00f3n de San Pedro y el acompa\u00f1amiento hasta sus \u00faltimos d\u00edas, siempre atento a las gestiones cotidianas y a muchos proyectos por los que jam\u00e1s dej\u00f3 de luchar.<\/p>\n<p>Lo recordaremos por siempre\u00bb.<\/p>\n<p>Sus restos ser\u00e1n velados en la sala dos de Coopser y el sepelio tendr\u00e1 lugar el martes por la ma\u00f1ana en el cementerio Jard\u00edn del Molino.<\/p>\n","protected":false},"excerpt":{"rendered":"<p>Dolor en el Municipio, el ex Secretario de Econom\u00eda falleci\u00f3 esta madrugada. , \u00abse nos fue un gran compa\u00f1ero\u00bb, compart\u00eda Silvio Corti unas palabras con los medios locales. En las pr\u00f3ximas horas, la Municipalidad informar\u00e1 el alcance del duelo. Mario ten\u00eda 56 a\u00f1os, asumi\u00f3 como Secretario de Hacienda y Econom\u00eda en el 2015, y a [&hellip;]<\/p>\n","protected":false},"author":4,"featured_media":42900,"comment_status":"open","ping_status":"closed","sticky":false,"template":"","format":"standard","meta":{"om_disable_all_campaigns":false,"_jetpack_memberships_contains_paid_content":false,"footnotes":""},"categories":[50,101,2],"tags":[],"class_list":["post-42895","post","type-post","status-publish","format-standard","has-post-thumbnail","hentry","category-destacadas","category-interes-general-locales","category-locales"],"aioseo_notices":[],"gutentor_comment":0,"jetpack_featured_media_url":"https:\/\/eldiariodesanpedro.com.ar\/sitio\/wp-content\/uploads\/2018\/11\/dsc_1563_1.jpg","jetpack_shortlink":"https:\/\/wp.me\/p6RhLt-b9R","jetpack_sharing_enabled":true,"_links":{"self":[{"href":"https:\/\/eldiariodesanpedro.com.ar\/sitio\/wp-json\/wp\/v2\/posts\/42895","targetHints":{"allow":["GET"]}}],"collection":[{"href":"https:\/\/eldiariodesanpedro.com.ar\/sitio\/wp-json\/wp\/v2\/posts"}],"about":[{"href":"https:\/\/eldiariodesanpedro.com.ar\/sitio\/wp-json\/wp\/v2\/types\/post"}],"author":[{"embeddable":true,"href":"https:\/\/eldiariodesanpedro.com.ar\/sitio\/wp-json\/wp\/v2\/users\/4"}],"replies":[{"embeddable":true,"href":"https:\/\/eldiariodesanpedro.com.ar\/sitio\/wp-json\/wp\/v2\/comments?post=42895"}],"version-history":[{"count":3,"href":"https:\/\/eldiariodesanpedro.com.ar\/sitio\/wp-json\/wp\/v2\/posts\/42895\/revisions"}],"predecessor-version":[{"id":42903,"href":"https:\/\/eldiariodesanpedro.com.ar\/sitio\/wp-json\/wp\/v2\/posts\/42895\/revisions\/42903"}],"wp:featuredmedia":[{"embeddable":true,"href":"https:\/\/eldiariodesanpedro.com.ar\/sitio\/wp-json\/wp\/v2\/media\/42900"}],"wp:attachment":[{"href":"https:\/\/eldiariodesanpedro.com.ar\/sitio\/wp-json\/wp\/v2\/media?parent=42895"}],"wp:term":[{"taxonomy":"category","embeddable":true,"href":"https:\/\/eldiariodesanpedro.com.ar\/sitio\/wp-json\/wp\/v2\/categories?post=42895"},{"taxonomy":"post_tag","embeddable":true,"href":"https:\/\/eldiariodesanpedro.com.ar\/sitio\/wp-json\/wp\/v2\/tags?post=42895"}],"curies":[{"name":"wp","href":"https:\/\/api.w.org\/{rel}","templated":true}]}}